

{"id":21431,"date":"2015-08-25T11:55:44","date_gmt":"2015-08-25T14:55:44","guid":{"rendered":"http:\/\/portalfloresnoar.com\/floresnoar\/?p=21431"},"modified":"2015-11-03T12:52:44","modified_gmt":"2015-11-03T15:52:44","slug":"iv-simposio-internacional-de-saude-quantica-e-qualidade-de-vida-sera-realizado-em-brasilia","status":"publish","type":"post","link":"https:\/\/portalfloresnoar.com\/floresnoar\/iv-simposio-internacional-de-saude-quantica-e-qualidade-de-vida-sera-realizado-em-brasilia\/","title":{"rendered":"IV Simp\u00f3sio Internacional de Sa\u00fade Qu\u00e2ntica e Qualidade de Vida ser\u00e1 realizado em Bras\u00edlia"},"content":{"rendered":"<p><iframe loading=\"lazy\" src=\"https:\/\/www.youtube.com\/embed\/amG2JpLQJuQ\" height=\"315\" width=\"560\" allowfullscreen=\"\" frameborder=\"0\"><\/iframe><\/p>\n<p>Chega \u00e0 capital federal o IV Simp\u00f3sio Internacional de Sa\u00fade Qu\u00e2ntica e Qualidade de Vida, que acontecer\u00e1 de 30 de outubro a 1\u00ba de novembro, no Centro de Conven\u00e7\u00f5es Ulysses Guimar\u00e3es. O evento contar\u00e1 com 20 dos mais renomados cientistas, terapeutas e m\u00e9dicos especialistas nacionais e internacionais, grupo que j\u00e1 ajudou a transformar a vida de milhares de pessoas em todo o mundo.<\/p>\n<p>Baseada na f\u00edsica qu\u00e2ntica e relativ\u00edstica, a sa\u00fade qu\u00e2ntica tenta resgatar a ci\u00eancia com olhar ampliado para o homem e tem como objetivo tratar a origem dos sofrimentos e n\u00e3o dos sintomas. \u201cO \u00e1tomo \u00e9 um imenso espa\u00e7o vazio, cheio de possibilidades. Assim, n\u00f3s criamos a realidade. Isso coloca-nos em perspectiva singular, j\u00e1 que somos seres vibracionais e eletromagn\u00e9ticos com assinatura \u00fanica\u201d, explica o idealizador Wallace Liimaa, consultor e terapeuta qu\u00e2ntico.<\/p>\n<p>Na pr\u00e1tica, a vertente busca a cura de forma natural, sem o uso de produtos qu\u00edmicos com efeitos colaterais, e aposta na homeopatia. O conjunto de fatores da sa\u00fade qu\u00e2ntica tamb\u00e9m inclui a import\u00e2ncia de manter bons pensamentos: \u201cQuando voc\u00ea pensa, gera mat\u00e9ria e afeta o corpo. Mandamos informa\u00e7\u00f5es para o campo vibracional o tempo todo com os nossos pensamentos e sentimentos\u201d, ressalta Wallace.<\/p>\n<p>Por meio desta \u00f3tica, a constru\u00e7\u00e3o consciente da realidade e a exist\u00eancia s\u00e3o olhadas como uma grande possibilidade e as doen\u00e7as, com vis\u00e3o diferenciada da medicina tradicional. \u201cAs pessoas deixam o papel de v\u00edtimas das circunst\u00e2ncias e tornam-se protagonistas da pr\u00f3pria hist\u00f3ria. O prop\u00f3sito da f\u00edsica qu\u00e2ntica \u00e9 buscar resultados fora da ci\u00eancia m\u00edope. O meu sonho \u00e9 construir hospitais que ensinem a criar a realidade indidvidual e ajudem na reconex\u00e3o com a ess\u00eancia, de forma que as pessoas saibam viver \u00e0 luz da pr\u00f3pria consci\u00eancia\u201d, afirma Wallace Liimaa.<\/p>\n<p><strong>Programa\u00e7\u00e3o<\/strong><br \/>\nA programa\u00e7\u00e3o prev\u00ea palestras das 8h \u00e0s 18h. Em paralelo, o p\u00fablico poder\u00e1 conferir a Feira de Sa\u00fade Qu\u00e2ntica e Qualidade de Vida (ExpoQuantum), com atendimentos terap\u00eauticos, exposi\u00e7\u00e3o e vendas de produtos e t\u00e9cnicas. Tamb\u00e9m haver\u00e1 os workshops qu\u00e2nticos, com aprofundamento de palestrantes do evento. Esses \u00faltimos eventos ser\u00e3o independentes, com inscri\u00e7\u00f5es separadas, que ser\u00e3o anunciadas em setembro. No dia 29 de outubro (v\u00e9spera do Simp\u00f3sio), \u00e0s 17h, Wallace Liimaa ir\u00e1 conduzir uma medita\u00e7\u00e3o p\u00fablica com a xam\u00e3 russa Mahasiddha Nayada.<\/p>\n<p>Nos tr\u00eas dias de Simp\u00f3sio, haver\u00e1 tradu\u00e7\u00e3o simult\u00e2nea para palestras em l\u00edngua estrangeira, entre elas, as que ser\u00e3o ministradas por: Amit Goswami (\u00cdndia), Uma Krishnamurthy (\u00cdndia), James L. Oschman (EUA), Richard Gordon (EUA), Harry Massey (Inglaterra), Mahasiddha Nayada (R\u00fassia). Na lista de palestrantes brasileiros, est\u00e3o confirmados os nomes: Ros\u00e2ngela Arnt, Eleanor Luzes, Ayres Britto, Caio Guimar\u00e3es, Adalberto Barreto, Wallace Liimaa, \u00c9rico Rocha, Sri Prem Baba, Andr\u00e9 Lima, Bruno J. Gimenes, Oberom, D\u00e9cio F\u00e1bio, Rodrigo Cardoso e C\u00edcero Coimbra.<\/p>\n<p><strong>Hist\u00f3rico<\/strong><br \/>\nDesde 2009, Wallace busca espalhar pelo Brasil os conhecimentos revolucion\u00e1rios do paradigma qu\u00e2ntico aplicados \u00e0 sa\u00fade. Em abordagem hol\u00edstica da vida e do ser, une a f\u00edsica qu\u00e2ntica, neuroci\u00eancia, epigen\u00e9tica, terapias integrativas e espiritualidade. A 1\u00aa edi\u00e7\u00e3o do Simp\u00f3sio, em 2009, foi realizada em Recife de forma independente e rendeu a Wallace o pr\u00eamio Noetic Medal for Counsciousness and Brain Research, concedido pelo Instituto de Ci\u00eancias No\u00e9ticas Avan\u00e7adas da Calif\u00f3rnia. Desde ent\u00e3o, o evento ocorre bienalmente. Em 2011, aconteceu novamente no Recife e, em 2013, em S\u00e3o Paulo.<\/p>\n<p><strong>Sobre Wallace Liimaa<\/strong><br \/>\nO profissional ganhou o Pr\u00eamio M\u00e9dico No\u00e9tico, que reconhece para pesquisas do c\u00e9rebro e da consci\u00eancia na Calif\u00f3rnia (EUA). Possui forma\u00e7\u00e3o em engenharia eletr\u00f4nica e atua como professor de f\u00edsica. O consultor e terapeuta qu\u00e2ntico \u00e9 o organizador do I, II e II Simp\u00f3sio Internacional de Sa\u00fade Qu\u00e2ntica e Qualidade de Vida. A 4\u00aa edi\u00e7\u00e3o do Simp\u00f3sio deste ano, em Bras\u00edlia, j\u00e1 tem data marcada. Acontecer\u00e1 entre os dias 30 de outubro a 1\u00ba de novembro, no Centro de Conven\u00e7\u00f5es Ulysses Guimar\u00e3es.<\/p>\n<p>SERVI\u00c7O<br \/>\n<strong>IV Simp\u00f3sio Internacional de Sa\u00fade Qu\u00e2ntica e Qualidade de Vida<\/strong><br \/>\nData: 30 de outubro a 1\u00ba de novembro<br \/>\nLocal: Centro de Conven\u00e7\u00f5es Ulysses Guimar\u00e3es.<br \/>\nEndere\u00e7o: SDC Eixo Monumental &#8211; Lote 05, Bras\u00edlia\/DF<br \/>\nInforma\u00e7\u00f5es: (81) 99182-5059 e (81) 99335-4148<\/p>\n<p><span style=\"color: #000000; font-family: OpenSansSemiBold; font-size: 1.142857143rem; letter-spacing: 0em; line-height: 1.846153846; text-transform: uppercase;\">INSCRI\u00c7\u00c3O PARA O SIMP\u00d3SIO\u00a0<\/span><strong style=\"color: #000000; font-family: OpenSansSemiBold; font-size: 1.142857143rem; letter-spacing: 0em; line-height: 1.846153846; text-transform: uppercase;\"><span style=\"text-decoration: underline;\"><span style=\"color: #ff0000;\"><a href=\"http:\/\/hotmart.net.br\/show.html?a=W3105928L\" target=\"_blank\"><span style=\"color: #ff0000; text-decoration: underline;\">aqui<\/span><\/a><\/span><\/span><\/strong><span style=\"color: #000000; font-family: OpenSansSemiBold; font-size: 1.142857143rem; letter-spacing: 0em; line-height: 1.846153846; text-transform: uppercase;\">!<\/span><\/p>\n<p><a href=\"http:\/\/hotmart.net.br\/show.html?a=W3105928L \"><img decoding=\"async\" loading=\"lazy\" class=\"aligncenter size-full wp-image-21434\" alt=\"simposio4\" src=\"http:\/\/portalfloresnoar.com\/floresnoar\/wp-content\/uploads\/2015\/07\/simposio4.png\" width=\"728\" height=\"90\" srcset=\"https:\/\/portalfloresnoar.com\/floresnoar\/wp-content\/uploads\/2015\/07\/simposio4.png 728w, https:\/\/portalfloresnoar.com\/floresnoar\/wp-content\/uploads\/2015\/07\/simposio4-300x37.png 300w\" sizes=\"(max-width: 728px) 100vw, 728px\" \/><\/a><\/p>\n<p>&nbsp;<\/p>\n<p>&nbsp;<\/p>\n","protected":false},"excerpt":{"rendered":"<p>Chega \u00e0 capital federal o IV Simp\u00f3sio Internacional de Sa\u00fade Qu\u00e2ntica e Qualidade de Vida, que acontecer\u00e1 de 30 de outubro a 1\u00ba de novembro, no Centro de Conven\u00e7\u00f5es Ulysses Guimar\u00e3es. O evento contar\u00e1 com 20 dos mais renomados cientistas, terapeutas e m\u00e9dicos especialistas nacionais e internacionais, grupo que j\u00e1 ajudou a transformar a vida [&hellip;]<\/p>\n","protected":false},"author":1,"featured_media":21433,"comment_status":"open","ping_status":"open","sticky":false,"template":"","format":"standard","meta":{"om_disable_all_campaigns":false,"_monsterinsights_skip_tracking":false,"_monsterinsights_sitenote_active":false,"_monsterinsights_sitenote_note":"","_monsterinsights_sitenote_category":0,"footnotes":""},"categories":[8,214],"tags":[25,27],"acf":[],"publishpress_future_action":{"enabled":false,"date":"1969-12-31 21:00:00","action":"","terms":[],"taxonomy":"","browser_timezone_offset":0},"_links":{"self":[{"href":"https:\/\/portalfloresnoar.com\/floresnoar\/wp-json\/wp\/v2\/posts\/21431"}],"collection":[{"href":"https:\/\/portalfloresnoar.com\/floresnoar\/wp-json\/wp\/v2\/posts"}],"about":[{"href":"https:\/\/portalfloresnoar.com\/floresnoar\/wp-json\/wp\/v2\/types\/post"}],"author":[{"embeddable":true,"href":"https:\/\/portalfloresnoar.com\/floresnoar\/wp-json\/wp\/v2\/users\/1"}],"replies":[{"embeddable":true,"href":"https:\/\/portalfloresnoar.com\/floresnoar\/wp-json\/wp\/v2\/comments?post=21431"}],"version-history":[{"count":0,"href":"https:\/\/portalfloresnoar.com\/floresnoar\/wp-json\/wp\/v2\/posts\/21431\/revisions"}],"wp:featuredmedia":[{"embeddable":true,"href":"https:\/\/portalfloresnoar.com\/floresnoar\/wp-json\/wp\/v2\/media\/21433"}],"wp:attachment":[{"href":"https:\/\/portalfloresnoar.com\/floresnoar\/wp-json\/wp\/v2\/media?parent=21431"}],"wp:term":[{"taxonomy":"category","embeddable":true,"href":"https:\/\/portalfloresnoar.com\/floresnoar\/wp-json\/wp\/v2\/categories?post=21431"},{"taxonomy":"post_tag","embeddable":true,"href":"https:\/\/portalfloresnoar.com\/floresnoar\/wp-json\/wp\/v2\/tags?post=21431"}],"curies":[{"name":"wp","href":"https:\/\/api.w.org\/{rel}","templated":true}]}}