

{"id":21350,"date":"2015-05-06T10:38:17","date_gmt":"2015-05-06T13:38:17","guid":{"rendered":"http:\/\/portalfloresnoar.com\/floresnoar\/?p=21350"},"modified":"2015-07-09T10:26:14","modified_gmt":"2015-07-09T13:26:14","slug":"roda-de-partilha-dia-87-no-espaco-familia","status":"publish","type":"post","link":"https:\/\/portalfloresnoar.com\/floresnoar\/roda-de-partilha-dia-87-no-espaco-familia\/","title":{"rendered":"Roda de Partilha dia 8\/7 no Espa\u00e7o Fam\u00edlia"},"content":{"rendered":"<p>O Espa\u00e7o Fam\u00edlia promove no dia 8 de julho (quarta-feira) a Roda de Partilha, das 19h30 \u00e0s 21h, em sua sede no bairro da Iputinga. O encontro \u00e9 gratuito e tem como objetivo a partilha de sentimentos e supera\u00e7\u00f5es, desabafos, autocuidado, busca por mais sa\u00fade e qualidade de vida, com acolhimento, solidariedade e alegria. A metodologia utilizada \u00e9 da Terapia Comunit\u00e1ria Integrativa, TCI, reconhecida pelo Minist\u00e9rio da Sa\u00fade como um pr\u00e1tica integrativa complementar. A Roda de Partilha acontece todos os meses, sempre na segunda 4\u00aa feira de cada m\u00eas.<\/p>\n<p>obs: Ser\u00e1 bem-vinda a doa\u00e7\u00e3o de 1 kg de alimento \u2013 leite em p\u00f3, a\u00e7\u00facar, arroz, feij\u00e3o \u2013 para doa\u00e7\u00e3o a entidades beneficentes apoiadas pelo Espa\u00e7o Fam\u00edlia.<\/p>\n<p>Confirme presen\u00e7a pelos telefones: 99152-3520 Claro \/ 98146-7424 Vivo \/ 99902-9291 Tim \/ 98518-4793 Oi<\/p>\n<p><strong>Local: <\/strong>Rua Capit\u00e3o Aur\u00e9lio de Ara\u00fajo, 161 \u2013 Iputinga (1\u00aa rua \u00e0 direita ap\u00f3s o Supermerdado Extra, Av. Caxang\u00e1 2.900, na dire\u00e7\u00e3o Cidade-Varzea).<\/p>\n","protected":false},"excerpt":{"rendered":"<p>O Espa\u00e7o Fam\u00edlia promove no dia 8 de julho (quarta-feira) a Roda de Partilha, das 19h30 \u00e0s 21h, em sua sede no bairro da Iputinga. O encontro \u00e9 gratuito e tem como objetivo a partilha de sentimentos e supera\u00e7\u00f5es, desabafos, autocuidado, busca por mais sa\u00fade e qualidade de vida, com acolhimento, solidariedade e alegria. A [&hellip;]<\/p>\n","protected":false},"author":1,"featured_media":21351,"comment_status":"open","ping_status":"open","sticky":false,"template":"","format":"standard","meta":{"om_disable_all_campaigns":false,"_monsterinsights_skip_tracking":false,"_monsterinsights_sitenote_active":false,"_monsterinsights_sitenote_note":"","_monsterinsights_sitenote_category":0,"footnotes":""},"categories":[8,214],"tags":[138],"acf":[],"publishpress_future_action":{"enabled":false,"date":"1969-12-31 21:00:00","action":"","terms":[],"taxonomy":"","browser_timezone_offset":0},"_links":{"self":[{"href":"https:\/\/portalfloresnoar.com\/floresnoar\/wp-json\/wp\/v2\/posts\/21350"}],"collection":[{"href":"https:\/\/portalfloresnoar.com\/floresnoar\/wp-json\/wp\/v2\/posts"}],"about":[{"href":"https:\/\/portalfloresnoar.com\/floresnoar\/wp-json\/wp\/v2\/types\/post"}],"author":[{"embeddable":true,"href":"https:\/\/portalfloresnoar.com\/floresnoar\/wp-json\/wp\/v2\/users\/1"}],"replies":[{"embeddable":true,"href":"https:\/\/portalfloresnoar.com\/floresnoar\/wp-json\/wp\/v2\/comments?post=21350"}],"version-history":[{"count":0,"href":"https:\/\/portalfloresnoar.com\/floresnoar\/wp-json\/wp\/v2\/posts\/21350\/revisions"}],"wp:featuredmedia":[{"embeddable":true,"href":"https:\/\/portalfloresnoar.com\/floresnoar\/wp-json\/wp\/v2\/media\/21351"}],"wp:attachment":[{"href":"https:\/\/portalfloresnoar.com\/floresnoar\/wp-json\/wp\/v2\/media?parent=21350"}],"wp:term":[{"taxonomy":"category","embeddable":true,"href":"https:\/\/portalfloresnoar.com\/floresnoar\/wp-json\/wp\/v2\/categories?post=21350"},{"taxonomy":"post_tag","embeddable":true,"href":"https:\/\/portalfloresnoar.com\/floresnoar\/wp-json\/wp\/v2\/tags?post=21350"}],"curies":[{"name":"wp","href":"https:\/\/api.w.org\/{rel}","templated":true}]}}