

{"id":21320,"date":"2015-07-02T09:37:49","date_gmt":"2015-07-02T12:37:49","guid":{"rendered":"http:\/\/portalfloresnoar.com\/floresnoar\/?p=21320"},"modified":"2015-07-10T09:31:11","modified_gmt":"2015-07-10T12:31:11","slug":"workshop-de-feng-shui-ensina-como-cuidar-de-ambientes-em-sintonia-com-a-autorrealizacao","status":"publish","type":"post","link":"https:\/\/portalfloresnoar.com\/floresnoar\/workshop-de-feng-shui-ensina-como-cuidar-de-ambientes-em-sintonia-com-a-autorrealizacao\/","title":{"rendered":"Workshop de Feng Shui ensina como cuidar de ambientes em sintonia com a autorrealiza\u00e7\u00e3o"},"content":{"rendered":"<p style=\"text-align: center;\"><img decoding=\"async\" loading=\"lazy\" class=\"aligncenter  wp-image-21321\" alt=\"karla zovka\" src=\"http:\/\/portalfloresnoar.com\/floresnoar\/wp-content\/uploads\/2015\/07\/karla-zovka.jpg\" width=\"600\" height=\"324\" srcset=\"https:\/\/portalfloresnoar.com\/floresnoar\/wp-content\/uploads\/2015\/07\/karla-zovka.jpg 750w, https:\/\/portalfloresnoar.com\/floresnoar\/wp-content\/uploads\/2015\/07\/karla-zovka-300x162.jpg 300w\" sizes=\"(max-width: 600px) 100vw, 600px\" \/><\/p>\n<p>Ambientes harmonizados, limpos, com espa\u00e7os adequados ao desenvolvimento das tarefas e um clima de bem-estar s\u00e3o elementos indispens\u00e1veis para que a vida possa fluir de maneira ben\u00e9fica e ajudar o indiv\u00edduo a alcan\u00e7ar suas metas e objetivos mais elevados. Gra\u00e7as \u00e0 t\u00e9cnica milenar do Feng Shui, o mundo ocidental pode utilizar recursos, tanto psicol\u00f3gicos quanto externos, que possibilitam potencializar ambientes e tornar a vida melhor. A terapeuta de ambientes, Karla Patr\u00edcia Zovka, lan\u00e7ando m\u00e3o desses recursos, elaborou um Workshop no Recife, dias 18 e 19 de julho, para qualquer pessoa interessada em aplicar esse conhecimento ancestral.<\/p>\n<p>O prop\u00f3sito do evento, segundo ela, \u00e9 \u201capresentar a sabedoria do Feng Shui, numa perspectiva sist\u00eamica e vivenciar aspectos inconscientes dos ambientes, favorecendo a conex\u00e3o com a for\u00e7a ancestral e a autorrealiza\u00e7\u00e3o\u201d. O workshop &#8220;Cuidando dos ambientes em sintonia com a Realiza\u00e7\u00e3o\u201d \u00e9 uma realiza\u00e7\u00e3o do Projeto Reflorescer e acontecer\u00e1 no s\u00e1bado das 9h \u00e0s 18h e domingo das 9h \u00e0s 13h, na Rua Corr\u00eaa de Ara\u00fajo, 69, Gra\u00e7as, Recife-PE (Prox. \u00e0 Pra\u00e7a do Entroncamento). As inscri\u00e7\u00f5es e informa\u00e7\u00f5es podem ser obtidas pelo emailreflorescer7@gmail.com ou pelos fones (81) 9969-0239 e (81) 8336-3273.<\/p>\n<figure id=\"attachment_21322\" aria-describedby=\"caption-attachment-21322\" style=\"width: 227px\" class=\"wp-caption alignright\"><img decoding=\"async\" loading=\"lazy\" class=\"wp-image-21322 \" alt=\"karla zovka feng shui\" src=\"http:\/\/portalfloresnoar.com\/floresnoar\/wp-content\/uploads\/2015\/07\/karla-zovka-feng-shui.jpg\" width=\"227\" height=\"302\" srcset=\"https:\/\/portalfloresnoar.com\/floresnoar\/wp-content\/uploads\/2015\/07\/karla-zovka-feng-shui.jpg 542w, https:\/\/portalfloresnoar.com\/floresnoar\/wp-content\/uploads\/2015\/07\/karla-zovka-feng-shui-226x300.jpg 226w\" sizes=\"(max-width: 227px) 100vw, 227px\" \/><figcaption id=\"caption-attachment-21322\" class=\"wp-caption-text\">Karla Zovka<\/figcaption><\/figure>\n<p>\u201cO Feng Shui preza pela organiza\u00e7\u00e3o, limpeza dos ambientes, utiliza\u00e7\u00e3o dos elementos naturais como canalizadores de energia e sua distribui\u00e7\u00e3o para utiliza\u00e7\u00e3o adequada do espa\u00e7o\u201d, explica a facilitadora, que \u00e9 Consultora e difusora do Feng Shui; Certificada pelo Mestre Oriental I Ming; Membro da Sociedade Feng Shui; Psicoterapeuta sist\u00eamica e integrativa; Terapeuta de ambientes e idealizadora do Projeto Reflorescer, que busca a expans\u00e3o do amor e a autorrealiza\u00e7\u00e3o.<\/p>\n<p>CONFIRA ABAIXO ENTREVISTA COM A FACILITADORA DO WORKSHOP, KARLA PATR\u00cdCIA ZOVKA, E ENTENDA MELHOR SOBRE ESTA T\u00c9CNICA ORIENTAL DE HARMONIZA\u00c7\u00c3O EXTERNA E INTERNA DO SER:<\/p>\n<p><strong>O que \u00e9 o Projeto Reflorescer?<\/strong><br \/>\nBaseado nos princ\u00edpios qu\u00e2nticos e integral, o Projeto Reflorescer visa promover a autoria da qualidade de vida, a expans\u00e3o no amor e a realiza\u00e7\u00e3o. Integra o projeto o curso CUIDANDO DOS AMBIENTES INTERNOS E EXTERNOS EM SINTONIA COM A AUTORREALIZA\u00c7\u00c3O. Nessa proposta, consideramos que cada pessoa tem seus dons, talentos, for\u00e7a e destino. Quando ela se apropria dessas &#8220;energias&#8221;, ocupa o seu lugar na vida. Naturalmente, a autorrealiza\u00e7\u00e3o passa a fazer parte do seu ser.<\/p>\n<p><strong>Como definir autorrealiza\u00e7\u00e3o e no que a proposta do reflorescer ajuda o buscador a vivenci\u00e1-la?<\/strong><br \/>\nUm dos aspectos fundamentais dessa manifesta\u00e7\u00e3o \u00e9 voc\u00ea se permitir ser quem realmente \u00e9. Sabendo que voc\u00ea n\u00e3o \u00e9 a m\u00e1scara, n\u00e3o \u00e9 a sombra, n\u00e3o \u00e9 a crian\u00e7a ferida; sabendo que voc\u00ea n\u00e3o \u00e9 a ilus\u00e3o, voc\u00ea se conecta com quem realmente voc\u00ea \u00e9. Permitindo-se ser um instrumento do seu Eu Superior, voc\u00ea deixa a vida se expressar em Alegria, Amor, Confian\u00e7a e Paz. Nesse processo, a cria\u00e7\u00e3o se desdobra a partir do cora\u00e7\u00e3o, sem polaridade e em unidade com toda a vida e cria\u00e7\u00e3o. Ao ter essa consci\u00eancia, voc\u00ea pode ser realmente levado a cuidar de si, se apropriando do que \u00e9 v\u00e1lido para que o seu despertar di\u00e1rio seja um caminho de realiza\u00e7\u00f5es.<\/p>\n<p><strong>Qual a ideia do projeto com rela\u00e7\u00e3o ao Feng Shui na busca da autorrealiza\u00e7\u00e3o?<\/strong><br \/>\nConsiderando o seu ambiente externo, observe o que est\u00e1 a sua volta, observe onde voc\u00ea mora, seu meio de vida, seus objetos. O que voc\u00ea precisa ter nesse ambiente que o ajude a renovar e conectar com essa energia, fortalecendo-se a cada dia? Com a consci\u00eancia dos aspectos relevantes do nosso sistema, da nossa constela\u00e7\u00e3o familiar, e de como estamos representando\/simbolizando esses aspectos em nossos ambientes, podemos liberar, desapegar e modificar essas energias em prol da nossa autorrealiza\u00e7\u00e3o.<\/p>\n<p>Voc\u00ea falou em Constela\u00e7\u00e3o Sist\u00eamica? Ela faz parte do conceito do Feng Shui Numa Vis\u00e3o Sist\u00eamica? Ou seja, voc\u00ea precisa estar entendendo sua situa\u00e7\u00e3o da teia familiar, social, cultural&#8230; para estar bem e autorrealizado?<\/p>\n<p>Para Bert Hellinger, Idealizador da Constela\u00e7\u00e3o Familiar Sist\u00eamica, o principal objetivo na terapia \u00e9 auxiliar os clientes a se tornar pessoas auto-realizadas. A inten\u00e7\u00e3o \u00e9 coloc\u00e1-lo em contato com as suas pr\u00f3prias for\u00e7as e com as for\u00e7as da fam\u00edlia dela. A verdadeira autorrealiza\u00e7\u00e3o acontece quando algu\u00e9m segue a sua voca\u00e7\u00e3o interior, sua miss\u00e3o especial para a qual foi chamado a servi\u00e7o. Quando ele a satisfaz alcan\u00e7a a realiza\u00e7\u00e3o pessoal. Essa pessoa tem paz interior e peso na \u00e1rea em que \u00e9 competente. Ela faz o que a vida exigiu dela e alcan\u00e7a a plenitude. Por isso, fazemos a conex\u00e3o entre o Feng Shui e a Constela\u00e7\u00e3o Sist\u00eamica.<\/p>\n<p><strong>Quais os princ\u00edpios da Constela\u00e7\u00e3o Sist\u00eamica?<\/strong><br \/>\nBert Hellinger ao escrever sobre suas observa\u00e7\u00f5es nos presenteia com as \u201cOrdens do Amor\u201d que s\u00e3o os princ\u00edpios b\u00e1sicos que regem as Constela\u00e7\u00f5es Familiares e conseq\u00fcentemente nossas vidas. Quando esses princ\u00edpios s\u00e3o ignorados causam dist\u00farbios, conflitos e dores em escala individual e coletiva. Por isso devemos refletir se nosso sistema familiar est\u00e1 de acordo com as tr\u00eas leis b\u00e1sicas:<\/p>\n<p>A 1\u00ba lei se refere \u00e0 necessidade de pertencer<br \/>\nTodos t\u00eam o igual direito de pertencer. Cada membro da fam\u00edlia tem o mesmo direito de pertin\u00eancia, n\u00e3o importa o que o indiv\u00edduo fez ou fa\u00e7a de \u201cconden\u00e1vel\u201d, \u201cpecaminoso\u201d, \u201creprov\u00e1vel\u201d ou \u201cerrado\u201d ele continua tendo o direito de pertencer ao sistema familiar. Ningu\u00e9m e ou nada deve ser exclu\u00eddo do sistema familiar. Isso n\u00e3o quer dizer que a pessoa ir\u00e1 ficar isenta de suas restri\u00e7\u00f5es e at\u00e9 mesmo de puni\u00e7\u00f5es legais, mas sim que no sistema familiar ela continua tendo o mesmo direito de pertencer.<\/p>\n<p>A 2\u00aa lei se refere \u00e0 necessidade de hierarquia<br \/>\nHierarquia para o sistema familiar \u00e9: os mais antigos v\u00eam primeiro e os mais novos v\u00eam depois. Quem vem primeiro tem preced\u00eancia sobre os que v\u00eam depois. Os pais s\u00e3o os grandes e os filhos s\u00e3o os pequenos. Quando o filho (pequeno) se sente maior, mais importante e mais capaz que os pais (grandes) e se comporta como se os pais fossem incapazes acreditando que t\u00eam o direito de mandar na vida dos mesmos, esse filho passa a carregar um destino pesado; tornando sua vida turbulenta e cheia de dor.<\/p>\n<p>A 3\u00aa lei se refere ao equil\u00edbrio entre dar e receber<br \/>\nO equil\u00edbrio entre o dar e receber deve existir entre o casal e entre pais e filhos. A ordem natural vem do mais antigo para o mais jovem. Os pais d\u00e3o a vida e os filhos a recebem. Os pais d\u00e3o amor e os filhos o aceitam em seu cora\u00e7\u00e3o. Assim o equil\u00edbrio est\u00e1 estabelecido, pois \u00e9 ensinado o seguinte: os filhos precisam dos pais, mas os pais n\u00e3o precisam dos filhos.<\/p>\n<p>Essas s\u00e3o as tr\u00eas leis que Bert Hellinger foi descortinando em suas observa\u00e7\u00f5es durante os trabalhos terap\u00eauticos pr\u00e1ticos que ele desenvolveu ao longo dos anos. Esse processo se desdobrou e sua percep\u00e7\u00e3o foi se aprofundando sobre o funcionamento de fam\u00edlias, casais, na\u00e7\u00f5es, empresas e sistemas. Todo grupo funciona como um organismo vivo que se autorregula para permitir que a vida aconte\u00e7a ao longo do tempo.<\/p>\n<p>O FENG SHUI E A HARMONIA DA NOSSA CASA<\/p>\n<p><strong>No que consiste o Feng Shui? Existe h\u00e1 quanto tempo?<\/strong><br \/>\nCom significado de &#8220;Bons Ambientes&#8221;, Feng Shui \u00e9 uma pr\u00e1tica ancestral do povo chin\u00eas para que se tenha uma vida pr\u00f3spera. Assim, podemos dizer que o Feng Shui \u00e9 uma sabedoria de vida. S\u00e3o milhares de anos acumulados de conhecimentos e pr\u00e1ticas ancestrais ligadas \u00e0 natureza, \u00e0s esta\u00e7\u00f5es e aos animais, calend\u00e1rios lunares e solares, etc..Os principais conceitos do Feng Shui ditam pela organiza\u00e7\u00e3o e limpeza dos ambientes, juntamente com a utiliza\u00e7\u00e3o dos elementos naturais como canalizadores de energia e sua distribui\u00e7\u00e3o para utiliza\u00e7\u00e3o adequada do espa\u00e7o. Ao considerar o Feng Shui numa vis\u00e3o sist\u00eamica e integrada, priorizamos o tamanho do im\u00f3vel, seus moradores e prop\u00f3sitos de vida.<\/p>\n<p><strong>Como essa pr\u00e1tica pode influenciar na vida de algu\u00e9m?<\/strong><br \/>\nAtrav\u00e9s do conhecimento ancestral do feng shui, de t\u00e9cnicas sist\u00eamicas e de viv\u00eancias que favore\u00e7am a integra\u00e7\u00e3o, o equil\u00edbrio e a harmonia, desenvolvemos a expans\u00e3o e a realiza\u00e7\u00e3o. A consci\u00eancia sist\u00eamica nos alerta para o pertencimento e interliga\u00e7\u00e3o de uma forma que ultrapassa a transmiss\u00e3o consciente de informa\u00e7\u00f5es, comunica\u00e7\u00e3o, comportamento e sentimentos individuais. Na alma, participamos de algo que confere individualidade a cada grupo particular, a cada fam\u00edlia, a cada empresa, a cada c\u00edrculo de amigos, numa for\u00e7a que nos leva a um v\u00ednculo profundo.<\/p>\n<p>A integra\u00e7\u00e3o equilibrada e harmoniosa das dimens\u00f5es f\u00edsica, emocional, mental, espiritual e ecol\u00f3gica, associada \u00e0 consci\u00eancia sist\u00eamica, possibilita o reconhecimento e a apropria\u00e7\u00e3o da nossa for\u00e7a ancestral, bem como a conex\u00e3o com a alma e, naturalmente, nos leva para o caminho da expans\u00e3o e da realiza\u00e7\u00e3o.<\/p>\n<p><strong>Deve ser praticado com frequ\u00eancia?<\/strong><br \/>\nO Feng Shui \u00e9 um instrumental destinado \u00e0 interven\u00e7\u00e3o pr\u00e1tica no cotidiano. Ele \u00e9 din\u00e2mico e se adapta ao seu tempo, incorporando novas vis\u00f5es. Apresenta tamb\u00e9m uma linha mestra: &#8220;viver em harmonia com a terra e o c\u00e9u.\u201d Compreende-se que toda a cria\u00e7\u00e3o \u00e9 uma massa rodopiantede de energia vital \u2018Qi\u2019, e seus mundos interno e externo est\u00e3o conectados. O que voc\u00ea sente e pensa, tudo se d\u00e1 no espa\u00e7o sagrado do cora\u00e7\u00e3o. Nesse espa\u00e7o, armazenamos nossos sentimentos, sonhos, emo\u00e7\u00f5es\u2026 todo nosso registro de vida que naturalmente reflete em nosso espa\u00e7o exterior.seu estado de exist\u00eancia se reflete no mundo f\u00edsico mais pr\u00f3ximo, ou seja, seu lar. Nada est\u00e1 separado ou desconexo. Se no dia-a-dia melhorarmos o nosso padr\u00e3o vibrat\u00f3rio, alteraremos a energia e o estado de esp\u00edrito dos nossos ambientes de moradia e trabalho. Alegria, amor, paz, prosperidade, sa\u00fade, amizades, beleza j\u00e1 est\u00e3o bons para come\u00e7ar, n\u00e3o \u00e9 mesmo?<\/p>\n<p><strong>Existe algum tipo de restri\u00e7\u00e3o a esta pr\u00e1tica?<\/strong><br \/>\nEm minha viv\u00eancia pessoal, n\u00e3o percebo restri\u00e7\u00e3o alguma. O Feng Shui favorece o equil\u00edbrio e a harmonia das nossas energias internas e externas. Para isso, precisamos ter consci\u00eancia do que queremos melhorar. Lembrando que o princ\u00edpio fundamental do Feng Shui \u00e9 colocar em pr\u00e1tica a \u201carte viver em harmonia com a terra e o c\u00e9u\u201d, sugerimos que voc\u00ea inicie com o Feng Shui interior. Em medita\u00e7\u00e3o, sintonize com o seu cora\u00e7\u00e3o f\u00edsico. Intencione, visualize e sinta a si mesmo no espa\u00e7o sagrado do seu cora\u00e7\u00e3o e se pergunte: Qual a verdadeira necessidade do meu cora\u00e7\u00e3o? Que sentimentos, emo\u00e7\u00f5es e registros, estou mantendo nesse espa\u00e7o? O que posso fazer para me sentir feliz e realizado?<\/p>\n<p>INVESTIMENTO: R$ 200,00<br \/>\n\u200bInscri\u00e7\u00f5es antecipadas<br \/>\n\u200bFacilidades de pagamento\u200b<br \/>\nVagas limitadas<\/p>\n<p><strong>Data: <\/strong>18 e 19 de Julho de 2015<br \/>\nS\u00e1bado &#8211; 9h \u00e0s 18h.<br \/>\nDomingo &#8211; 9h \u00e0s 13h.<\/p>\n<p><strong>Local:<\/strong> Rua Corr\u00eaa de Ara\u00fajo, 69, Gra\u00e7as, Recife-PE<br \/>\n(pr\u00f3ximo \u00e0 Pra\u00e7a do Entroncamento)<\/p>\n<p>INSCRI\u00c7\u00d5ES E INFORMA\u00c7\u00d5ES<br \/>\nreflorescer7@gmail.com<br \/>\n(81) 9969-0239<br \/>\n(81) 8336-3273<\/p>\n","protected":false},"excerpt":{"rendered":"<p>Ambientes harmonizados, limpos, com espa\u00e7os adequados ao desenvolvimento das tarefas e um clima de bem-estar s\u00e3o elementos indispens\u00e1veis para que a vida possa fluir de maneira ben\u00e9fica e ajudar o indiv\u00edduo a alcan\u00e7ar suas metas e objetivos mais elevados. Gra\u00e7as \u00e0 t\u00e9cnica milenar do Feng Shui, o mundo ocidental pode utilizar recursos, tanto psicol\u00f3gicos quanto [&hellip;]<\/p>\n","protected":false},"author":1,"featured_media":21321,"comment_status":"open","ping_status":"open","sticky":false,"template":"","format":"standard","meta":{"om_disable_all_campaigns":false,"_monsterinsights_skip_tracking":false,"_monsterinsights_sitenote_active":false,"_monsterinsights_sitenote_note":"","_monsterinsights_sitenote_category":0,"footnotes":""},"categories":[8,214],"tags":[143],"acf":[],"publishpress_future_action":{"enabled":false,"date":"1969-12-31 21:00:00","action":"","terms":[],"taxonomy":"","browser_timezone_offset":0},"_links":{"self":[{"href":"https:\/\/portalfloresnoar.com\/floresnoar\/wp-json\/wp\/v2\/posts\/21320"}],"collection":[{"href":"https:\/\/portalfloresnoar.com\/floresnoar\/wp-json\/wp\/v2\/posts"}],"about":[{"href":"https:\/\/portalfloresnoar.com\/floresnoar\/wp-json\/wp\/v2\/types\/post"}],"author":[{"embeddable":true,"href":"https:\/\/portalfloresnoar.com\/floresnoar\/wp-json\/wp\/v2\/users\/1"}],"replies":[{"embeddable":true,"href":"https:\/\/portalfloresnoar.com\/floresnoar\/wp-json\/wp\/v2\/comments?post=21320"}],"version-history":[{"count":0,"href":"https:\/\/portalfloresnoar.com\/floresnoar\/wp-json\/wp\/v2\/posts\/21320\/revisions"}],"wp:featuredmedia":[{"embeddable":true,"href":"https:\/\/portalfloresnoar.com\/floresnoar\/wp-json\/wp\/v2\/media\/21321"}],"wp:attachment":[{"href":"https:\/\/portalfloresnoar.com\/floresnoar\/wp-json\/wp\/v2\/media?parent=21320"}],"wp:term":[{"taxonomy":"category","embeddable":true,"href":"https:\/\/portalfloresnoar.com\/floresnoar\/wp-json\/wp\/v2\/categories?post=21320"},{"taxonomy":"post_tag","embeddable":true,"href":"https:\/\/portalfloresnoar.com\/floresnoar\/wp-json\/wp\/v2\/tags?post=21320"}],"curies":[{"name":"wp","href":"https:\/\/api.w.org\/{rel}","templated":true}]}}