

{"id":2118,"date":"2012-10-07T11:09:36","date_gmt":"2012-10-07T14:09:36","guid":{"rendered":"http:\/\/portalfloresnoar.hospedagemdesites.ws\/floresnoar\/?p=2118"},"modified":"2012-10-18T09:55:21","modified_gmt":"2012-10-18T12:55:21","slug":"a-terapeuta-floral-flaviana-de-cassia-em-entrevista-ao-flores-no-ar-fala-do-seu-encontro-com-os-florais-de-bach-e-do-crescimento-das-terapias-integrativas-no-brasil","status":"publish","type":"post","link":"https:\/\/portalfloresnoar.com\/floresnoar\/a-terapeuta-floral-flaviana-de-cassia-em-entrevista-ao-flores-no-ar-fala-do-seu-encontro-com-os-florais-de-bach-e-do-crescimento-das-terapias-integrativas-no-brasil\/","title":{"rendered":"Em entrevista ao Flores no Ar, a terapeuta Floral Flaviana de C\u00e1ssia fala do seu encontro com os Florais de Bach e sobre o crescimento das terapias integrativas no Brasil"},"content":{"rendered":"<p><img decoding=\"async\" loading=\"lazy\" class=\"size-medium wp-image-2119 alignleft\" title=\"flaviana de cassia\" src=\"http:\/\/portalfloresnoar.hospedagemdesites.ws\/floresnoar\/wp-content\/uploads\/2012\/08\/flaviana-de-cassia-179x300.jpg\" alt=\"\" width=\"179\" height=\"300\" srcset=\"https:\/\/portalfloresnoar.com\/floresnoar\/wp-content\/uploads\/2012\/08\/flaviana-de-cassia-179x300.jpg 179w, https:\/\/portalfloresnoar.com\/floresnoar\/wp-content\/uploads\/2012\/08\/flaviana-de-cassia.jpg 267w\" sizes=\"(max-width: 179px) 100vw, 179px\" \/><span style=\"color: #008000;\"><strong> Nos dias 3 e 4 de novembro, Flaviana de C\u00e1ssia, estar\u00e1 no Recife facilitando o I M\u00f3dulo do <a href=\"http:\/\/portalfloresnoar.hospedagemdesites.ws\/floresnoar\/curso-de-florais-de-bach-modulo-i-dias-8-e-9-de-setembro-na-clinica-luz-azul-nas-gracas\/\">Curso de Florais de Bach<\/a>. O Flores no Ar conversou com a terapeuta para conhec\u00ea-la um pouco mais e saber da sua hist\u00f3ria com os Florais.<\/strong><\/span><\/p>\n<p><em>Por Luciana Rabelo\u00a0<\/em><\/p>\n<p><span style=\"color: #ff0000;\">1. Para iniciar, gostaria que voc\u00ea falasse um pouco sobre voc\u00ea!<\/span><br \/>\nSou Terapeuta Floral h\u00e1 mais de 12 anos e s\u00f3cia Fundadora da ASTEFLOR &#8211; Associa\u00e7\u00e3o dos Terapeutas Florais do DF, onde atualmente atuo como Vice-Presidente. Fiz os Cursos de Florais de Bach, N\u00edveis I, II e III pelo Instituto Bach de Campinas, com Carmem Monari e o Curso de Florais de Saint Germain, com Neide Margonari. Sou criadora e facilitadora de Cursos de Florais de Bach, em tr\u00eas n\u00edveis, com o apoio da ASTEFLOR, e autora e facilitadora do Curso de Autoconhecimento com a Ajuda dos Florais de Bach, com dura\u00e7\u00e3o de 4 anos. Tamb\u00e9m sou Mestre 3B em Reiki , terapeuta e facilitadora de Cursos de Reiki. Graduada em Psicologia Cl\u00ednica com forma\u00e7\u00e3o em Psicologia Anal\u00edtica pelo Instituto AION &#8211; DF e, ainda, Coordenadora de Grupo de Medita\u00e7\u00e3o, com foco no Desenvolvimento Espiritual.<\/p>\n<p><span style=\"color: #ff0000;\">2. Como conheceu os Florais de Bach?<\/span><br \/>\nOs Florais me encontraram. Em 1997 estava em busca de um outro tipo de conhecimento e fui a Alto Para\u00edso, uma cidade m\u00edstica do Estado de Goi\u00e1s. N\u00e3o encontrei o que procurava, mas tive a felicidade de procurar uma terapeuta para fazer uma massagem e ela me ofereceu os Florais como tratamento coadjuvante para eliminar tens\u00f5es. Foi amor \u00e0 primeria vista. Me apaixonei pelos Florais e comecei a estudar, por conta pr\u00f3pria, cada ess\u00eancia que ela me administrava a cada vez que me atendia, j\u00e1 em Bras\u00edlia, em consultas quinzenais. Quando estamos apaixonados n\u00e3o conseguimos esconder o nosso entusiasmo e foi assim que as pessoas come\u00e7aram a me pedir indica\u00e7\u00f5es de Florais e quando vi j\u00e1 estava trabalhando com eles. S\u00f3 ent\u00e3o me dei conta de que deveria procurar um curso. Na semana seguinte da minha decis\u00e3o de estudar com um especialista, o Instituto Bach de Campinas promoveu o Curso de N\u00edvel I em Bras\u00edlia e ent\u00e3o comecei a minha trajet\u00f3ria como Terapeuta Floral.<!--more--><\/p>\n<p><span style=\"color: #ff0000;\">3. Em que momento decidiu trabalhar profissionalmente com os Florais de Bach?<\/span><br \/>\nEm 2001, apesar de j\u00e1 ter um grande n\u00famero de clientes (amigos, colegas e familiares), eu ainda trabalhava em um \u00f3rg\u00e3o p\u00fablico e os atendimentos come\u00e7aram a acontecer no meu hor\u00e1rio de trabalho. Como eu n\u00e3o queria deixar de atender as pessoas e tinha um compromisso com meu trabalho, resolvi abrir uma sala e passei a atender nos finais de semana. Com a ajuda de uma psic\u00f3loga, passei tamb\u00e9m a cobrar as consultas, embora de maneira simb\u00f3lica. Aos poucos fui ampliando os hor\u00e1rios de atendimento e, no in\u00edcio de 2003 me aposentei e me estabeleci profissionalmente como terapeuta, atendendo normalmente durante toda a semana.<\/p>\n<p><span style=\"color: #ff0000;\">4. O que significa o trabalho com os Florais para voc\u00ea?<\/span><br \/>\nRealiza\u00e7\u00e3o. Trabalhar com os Florais \u00e9 abastecer minha alma. Vibro com cada descoberta, com cada indica\u00e7\u00e3o e com cada resposta observada por meus clientes. Vibro com cada Curso de Florais, com a transmiss\u00e3o desse conhecimento e com a alegria estampada nos olhos dos alunos quando descobrem a maneira simples de aliviar o sofrimento do outro. Vibro com a expans\u00e3o do conhecimento que Dr. Bach nos deixou. Isso \u00e9 realiza\u00e7\u00e3o.<\/p>\n<p><span style=\"color: #ff0000;\">5. Como os Florais de Bach podem colaborar no autoconhecimento?<\/span><br \/>\nNa medida em que percebemos os aspectos trabalhados pelas ess\u00eancias, nos identificamos com eles e percebemos nossos pontos fortes e pontos fracos e temos a oportunidade de nos trabalharmos nesses aspectos. Al\u00e9m disso, tornar-se terapeuta \u00e9 ter a oportunidade de se olhar no espelho diariamente, pois aquele que nos procura tem sempre algo a nos ensinar a respeito de n\u00f3s mesmos.<\/p>\n<p><span style=\"color: #ff0000;\">6. A Terapia Floral \u00e9 definida pelo Governo Federal como \u2018Atividades de Pr\u00e1ticas Integrativas e Complementares em Sa\u00fade Humana\u2019, como voc\u00ea percebe a aceita\u00e7\u00e3o da Terapia Floral no Brasil hoje?<\/span><br \/>\nNum movimento crescente. N\u00e3o s\u00f3 a Terapia Floral, mas v\u00e1rias outras pr\u00e1ticas integrativas. A sa\u00fade hoje, n\u00e3o \u00e9 mais apenas o al\u00edvio dos sintomas. As pessoas t\u00eam buscado melhor qualidade de vida e se esclarecido melhor a respeito do ser total. A m\u00eddia tem ajudado muito nesse sentido. Vejo a Terapia Floral como uma instrumento revestido de gentileza para reequilibrar as pessoas, animais e plantas, o ser vivo, de modo geral. E todos n\u00f3s gostamos de ser cuidados, talvez por isso ela tem tido tanta aceita\u00e7\u00e3o nos \u00faltimos tempos. O terapeuta atua de forma amorosa e gentil, despertando no outro as suas possibilidades adormecidas.<\/p>\n<p><span style=\"color: #ff0000;\">7. Ainda h\u00e1 resist\u00eancias na \u00e1rea da Psicologia em rela\u00e7\u00e3o ao uso dos Florais. Como voc\u00ea v\u00ea essa quest\u00e3o?<\/span><br \/>\nDe forma natural, porque os Florais trabalham em outro n\u00edvel de energia. S\u00e3o a pura energia das flores. Mas atualmente j\u00e1 existem estudos, em forma de pesquisa e at\u00e9 cursos de Florais em Universidades Brasileiras. Alguns sistemas de sa\u00fade p\u00fablica j\u00e1 adotam os Florais em seus tratamentos multidisciplinares. Creio que em breve essa resist\u00eancia possa ser vencida e que essas duas grandes for\u00e7as possam se unir para contribuir ainda mais para um mundo melhor, como acontece hoje com a Psicologia em rela\u00e7\u00e3o \u00e0 Psiquiatria, ambas se comunicam para ajudar pessoas.<\/p>\n<p><span style=\"color: #ff0000;\">8. Nos dias 20 e 21 de outubro voc\u00ea inicia no Recife o Curso de Florais de Bach, que acontecer\u00e1 em tr\u00eas m\u00f3dulos. Qual o conte\u00fado program\u00e1tico do curso (o que ser\u00e1 abordado em cada m\u00f3dulo)?<\/span><br \/>\nNo N\u00edvel I &#8211; A Hist\u00f3ra do Dr. Bach, Hist\u00f3rico dos Florais e os Aspectos de cada Ess\u00eancia.<br \/>\nN\u00edvel II &#8211; Classifica\u00e7\u00e3o dos Florais, segundo Dr. Bach como meio facilitador para realiza\u00e7\u00e3o de uma sess\u00e3o terap\u00eautica.<br \/>\nN\u00edvel III &#8211; Revis\u00e3o do N\u00edvel I e II e a A \u00e9tica Profissional<\/p>\n<p><span style=\"color: #ff0000;\">9. Gostaria de falar algo mais?<\/span><br \/>\nQuero agradecer a voc\u00ea e ao Nelson Matheus por mais esta oportunidade e por tudo que t\u00eam feito pelos Florais. Agrade\u00e7o tamb\u00e9m a todos que, de alguma forma, contribuem para a divulga\u00e7\u00e3o e expans\u00e3o do Trabalho de Dr. Bach, que de forma amorosa quis aliviar o sofrimento das pessoas com o uso dos Florais. Fa\u00e7o votos que todos que trabalham com Ess\u00eancias de Flores, em seus mais variados sistemas, tenham sempre em seus cora\u00e7\u00f5es e em suas mentes o mesmo prop\u00f3sito amoroso e gentil registrado na origem dos Florais.<\/p>\n","protected":false},"excerpt":{"rendered":"<p>Nos dias 3 e 4 de novembro, Flaviana de C\u00e1ssia, estar\u00e1 no Recife facilitando o I M\u00f3dulo do Curso de Florais de Bach. O Flores no Ar conversou com a terapeuta para conhec\u00ea-la um pouco mais e saber da sua hist\u00f3ria com os Florais. Por Luciana Rabelo\u00a0 1. Para iniciar, gostaria que voc\u00ea falasse um [&hellip;]<\/p>\n","protected":false},"author":1,"featured_media":2120,"comment_status":"open","ping_status":"open","sticky":false,"template":"","format":"standard","meta":{"om_disable_all_campaigns":false,"_monsterinsights_skip_tracking":false,"_monsterinsights_sitenote_active":false,"_monsterinsights_sitenote_note":"","_monsterinsights_sitenote_category":0,"footnotes":""},"categories":[11],"tags":[70],"acf":[],"publishpress_future_action":{"enabled":false,"date":"1969-12-31 21:00:00","action":"","terms":[],"taxonomy":"","browser_timezone_offset":0},"_links":{"self":[{"href":"https:\/\/portalfloresnoar.com\/floresnoar\/wp-json\/wp\/v2\/posts\/2118"}],"collection":[{"href":"https:\/\/portalfloresnoar.com\/floresnoar\/wp-json\/wp\/v2\/posts"}],"about":[{"href":"https:\/\/portalfloresnoar.com\/floresnoar\/wp-json\/wp\/v2\/types\/post"}],"author":[{"embeddable":true,"href":"https:\/\/portalfloresnoar.com\/floresnoar\/wp-json\/wp\/v2\/users\/1"}],"replies":[{"embeddable":true,"href":"https:\/\/portalfloresnoar.com\/floresnoar\/wp-json\/wp\/v2\/comments?post=2118"}],"version-history":[{"count":0,"href":"https:\/\/portalfloresnoar.com\/floresnoar\/wp-json\/wp\/v2\/posts\/2118\/revisions"}],"wp:featuredmedia":[{"embeddable":true,"href":"https:\/\/portalfloresnoar.com\/floresnoar\/wp-json\/wp\/v2\/media\/2120"}],"wp:attachment":[{"href":"https:\/\/portalfloresnoar.com\/floresnoar\/wp-json\/wp\/v2\/media?parent=2118"}],"wp:term":[{"taxonomy":"category","embeddable":true,"href":"https:\/\/portalfloresnoar.com\/floresnoar\/wp-json\/wp\/v2\/categories?post=2118"},{"taxonomy":"post_tag","embeddable":true,"href":"https:\/\/portalfloresnoar.com\/floresnoar\/wp-json\/wp\/v2\/tags?post=2118"}],"curies":[{"name":"wp","href":"https:\/\/api.w.org\/{rel}","templated":true}]}}