

{"id":21155,"date":"2015-05-16T21:53:21","date_gmt":"2015-05-17T00:53:21","guid":{"rendered":"http:\/\/portalfloresnoar.com\/floresnoar\/?p=21155"},"modified":"2015-07-20T12:57:54","modified_gmt":"2015-07-20T15:57:54","slug":"cursos-do-sistema-floral-de-saint-germain-no-recife","status":"publish","type":"post","link":"https:\/\/portalfloresnoar.com\/floresnoar\/cursos-do-sistema-floral-de-saint-germain-no-recife\/","title":{"rendered":"Cursos do Sistema Floral de Saint Germain, no Recife"},"content":{"rendered":"<p><img decoding=\"async\" loading=\"lazy\" class=\"aligncenter size-full wp-image-21156\" alt=\"florais saint germain recife\" src=\"http:\/\/portalfloresnoar.com\/floresnoar\/wp-content\/uploads\/2015\/06\/florais-saint-germain-recife.jpg\" width=\"610\" height=\"594\" srcset=\"https:\/\/portalfloresnoar.com\/floresnoar\/wp-content\/uploads\/2015\/06\/florais-saint-germain-recife.jpg 610w, https:\/\/portalfloresnoar.com\/floresnoar\/wp-content\/uploads\/2015\/06\/florais-saint-germain-recife-300x292.jpg 300w\" sizes=\"(max-width: 610px) 100vw, 610px\" \/> A terapeuta Floral Rosangela Bittar promove este ano no Recife tr\u00eas cursos sobre o Sistema Floral de Saint Germain. O primeiro ser\u00e1 o &#8216;Uso pr\u00e1tico do Sistema Floral de Saint Germain (m\u00f3dulo b\u00e1sico)&#8217;, <strong>dias 18 e 19 de julho<\/strong>, no espa\u00e7o Sunflower, localizado no bairro de Boa Viagem.<\/p>\n<p>No dia <strong>29 de agosto<\/strong>, haver\u00e1 a especializa\u00e7\u00e3o<strong> &#8216;Os Florais de Saint Germain na Oncologia&#8217;<\/strong>. J\u00e1 no dia <strong>10 de outubro<\/strong> ser\u00e1 a vez da especializa\u00e7\u00e3o<strong> &#8216;Os Florais de Saint Germain no Alzheimer&#8217;<\/strong>.<\/p>\n<p>Os cursos ter\u00e3o certifica\u00e7\u00e3o assinada por Neide Margonari, criadora do\u00a0Sistema Floral de Saint Germain.<\/p>\n<p>Rosangela V.Bittar \u00a0\u00e9 credenciada pelo Sistema Floral Saint Germain, pesquisadora, escritora, especialista em Terapia Floral pela UFPE, aromaterapeuta e Reiki Master.<\/p>\n<p><strong>Livros publicados:<\/strong><br \/>\n&#8211; Os Benef\u00edcios das Ess\u00eancias florais de Bach no Alzheimer &#8211; 2011<br \/>\n&#8211; Uso pr\u00e1tico da Terapia Floral \u00a0na Obesidade &#8211; 2012<br \/>\n&#8211; Aromaterapia na Vida Di\u00e1ria &#8211; 2013<br \/>\n&#8211; Manual das Ess\u00eancias Florais do Sistema Saint Germain no Alzheimer &#8211; 2014<br \/>\n&#8211; A Terapia Floral na Oncologia &#8211; 2014<\/p>\n<p><strong>Inscri\u00e7\u00f5es\/ informa\u00e7\u00f5es:<\/strong> <strong><br \/>\nFone: <\/strong>(81) 98843-0584 <strong><br \/>\nE-mail:<\/strong> rosangela.bittar@globo.com<\/p>\n<p><strong>Local dos cursos:<\/strong> Sunflower &#8211; Rua Padre Bernardino Pessoa, 633, Boa Viagem Recife &#8211; PE<\/p>\n<p><a href=\"http:\/\/www.fsg.com.br\/cursos_det.php?id_curso=133&amp;id_tera=26\" target=\"_blank\">http:\/\/www.fsg.com.br\/cursos_det.php?id_curso=133&amp;id_tera=26<\/a><\/p>\n","protected":false},"excerpt":{"rendered":"<p>A terapeuta Floral Rosangela Bittar promove este ano no Recife tr\u00eas cursos sobre o Sistema Floral de Saint Germain. O primeiro ser\u00e1 o &#8216;Uso pr\u00e1tico do Sistema Floral de Saint Germain (m\u00f3dulo b\u00e1sico)&#8217;, dias 18 e 19 de julho, no espa\u00e7o Sunflower, localizado no bairro de Boa Viagem. No dia 29 de agosto, haver\u00e1 a [&hellip;]<\/p>\n","protected":false},"author":1,"featured_media":21157,"comment_status":"open","ping_status":"open","sticky":false,"template":"","format":"standard","meta":{"om_disable_all_campaigns":false,"_monsterinsights_skip_tracking":false,"_monsterinsights_sitenote_active":false,"_monsterinsights_sitenote_note":"","_monsterinsights_sitenote_category":0,"footnotes":""},"categories":[8,214],"tags":[70,127],"acf":[],"publishpress_future_action":{"enabled":false,"date":"1969-12-31 21:00:00","action":"","terms":[],"taxonomy":"","browser_timezone_offset":0},"_links":{"self":[{"href":"https:\/\/portalfloresnoar.com\/floresnoar\/wp-json\/wp\/v2\/posts\/21155"}],"collection":[{"href":"https:\/\/portalfloresnoar.com\/floresnoar\/wp-json\/wp\/v2\/posts"}],"about":[{"href":"https:\/\/portalfloresnoar.com\/floresnoar\/wp-json\/wp\/v2\/types\/post"}],"author":[{"embeddable":true,"href":"https:\/\/portalfloresnoar.com\/floresnoar\/wp-json\/wp\/v2\/users\/1"}],"replies":[{"embeddable":true,"href":"https:\/\/portalfloresnoar.com\/floresnoar\/wp-json\/wp\/v2\/comments?post=21155"}],"version-history":[{"count":0,"href":"https:\/\/portalfloresnoar.com\/floresnoar\/wp-json\/wp\/v2\/posts\/21155\/revisions"}],"wp:featuredmedia":[{"embeddable":true,"href":"https:\/\/portalfloresnoar.com\/floresnoar\/wp-json\/wp\/v2\/media\/21157"}],"wp:attachment":[{"href":"https:\/\/portalfloresnoar.com\/floresnoar\/wp-json\/wp\/v2\/media?parent=21155"}],"wp:term":[{"taxonomy":"category","embeddable":true,"href":"https:\/\/portalfloresnoar.com\/floresnoar\/wp-json\/wp\/v2\/categories?post=21155"},{"taxonomy":"post_tag","embeddable":true,"href":"https:\/\/portalfloresnoar.com\/floresnoar\/wp-json\/wp\/v2\/tags?post=21155"}],"curies":[{"name":"wp","href":"https:\/\/api.w.org\/{rel}","templated":true}]}}