

{"id":21122,"date":"2015-05-17T22:31:54","date_gmt":"2015-05-18T01:31:54","guid":{"rendered":"http:\/\/portalfloresnoar.com\/floresnoar\/?p=21122"},"modified":"2015-07-01T12:10:48","modified_gmt":"2015-07-01T15:10:48","slug":"leitura-de-aura-solidaria-dia-306-no-espaco-gerar","status":"publish","type":"post","link":"https:\/\/portalfloresnoar.com\/floresnoar\/leitura-de-aura-solidaria-dia-306-no-espaco-gerar\/","title":{"rendered":"Leitura de Aura Solid\u00e1ria dia 30\/6 no Espa\u00e7o Gerar"},"content":{"rendered":"<p><img decoding=\"async\" loading=\"lazy\" class=\"aligncenter size-full wp-image-21124\" alt=\"elas2\" src=\"http:\/\/portalfloresnoar.com\/floresnoar\/wp-content\/uploads\/2015\/06\/elas2.jpg\" width=\"537\" height=\"759\" srcset=\"https:\/\/portalfloresnoar.com\/floresnoar\/wp-content\/uploads\/2015\/06\/elas2.jpg 537w, https:\/\/portalfloresnoar.com\/floresnoar\/wp-content\/uploads\/2015\/06\/elas2-212x300.jpg 212w\" sizes=\"(max-width: 537px) 100vw, 537px\" \/><\/p>\n<p>No dia 30 de junho (ter\u00e7a-feira), no Espa\u00e7o Gerar, das 19h \u00e0s 22h, haver\u00e1 Leitura de Aura Solid\u00e1ria, promovida pelos terapeutas do Fontes de Luz.<\/p>\n<p>Os interessados devem fazer as inscri\u00e7\u00f5es previamente, atrav\u00e9s dos telefones: (81) 99902.0991\/ 98823.5749. \u00c9 sugerida a contribui\u00e7\u00e3o de R$ 25,00. As vagas s\u00e3o limitadas!<\/p>\n<p>A aura \u00e9 um campo energ\u00e9tico que guarda a ess\u00eancia de cada pessoa com todas as suas informa\u00e7\u00f5es, e atrav\u00e9s da leitura deste campo energ\u00e9tico \u2013 a leitura de aura \u2013 o estado interior \u00e9 revelado: emo\u00e7\u00f5es, pensamentos, bloqueios e potenciais.<\/p>\n<p><strong>Mais informa\u00e7\u00f5es<\/strong><br \/>\n<strong>E-mail:<\/strong> contato@fontesdeluz.com.br<br \/>\n<strong>Fones:<\/strong> (81) 99902.0991\/ 98823.5749<br \/>\n<strong>Local:<\/strong> Espa\u00e7o Gerar, Rua Jorge de Albuquerque, 103, Casa Forte, Recife-PE.Fone: (81) 3268.1749<\/p>\n","protected":false},"excerpt":{"rendered":"<p>No dia 30 de junho (ter\u00e7a-feira), no Espa\u00e7o Gerar, das 19h \u00e0s 22h, haver\u00e1 Leitura de Aura Solid\u00e1ria, promovida pelos terapeutas do Fontes de Luz. Os interessados devem fazer as inscri\u00e7\u00f5es previamente, atrav\u00e9s dos telefones: (81) 99902.0991\/ 98823.5749. \u00c9 sugerida a contribui\u00e7\u00e3o de R$ 25,00. As vagas s\u00e3o limitadas! A aura \u00e9 um campo energ\u00e9tico [&hellip;]<\/p>\n","protected":false},"author":1,"featured_media":21123,"comment_status":"open","ping_status":"open","sticky":false,"template":"","format":"standard","meta":{"om_disable_all_campaigns":false,"_monsterinsights_skip_tracking":false,"_monsterinsights_sitenote_active":false,"_monsterinsights_sitenote_note":"","_monsterinsights_sitenote_category":0,"footnotes":""},"categories":[8,214],"tags":[246],"acf":[],"publishpress_future_action":{"enabled":false,"date":"1969-12-31 21:00:00","action":"","terms":[],"taxonomy":"","browser_timezone_offset":0},"_links":{"self":[{"href":"https:\/\/portalfloresnoar.com\/floresnoar\/wp-json\/wp\/v2\/posts\/21122"}],"collection":[{"href":"https:\/\/portalfloresnoar.com\/floresnoar\/wp-json\/wp\/v2\/posts"}],"about":[{"href":"https:\/\/portalfloresnoar.com\/floresnoar\/wp-json\/wp\/v2\/types\/post"}],"author":[{"embeddable":true,"href":"https:\/\/portalfloresnoar.com\/floresnoar\/wp-json\/wp\/v2\/users\/1"}],"replies":[{"embeddable":true,"href":"https:\/\/portalfloresnoar.com\/floresnoar\/wp-json\/wp\/v2\/comments?post=21122"}],"version-history":[{"count":0,"href":"https:\/\/portalfloresnoar.com\/floresnoar\/wp-json\/wp\/v2\/posts\/21122\/revisions"}],"wp:featuredmedia":[{"embeddable":true,"href":"https:\/\/portalfloresnoar.com\/floresnoar\/wp-json\/wp\/v2\/media\/21123"}],"wp:attachment":[{"href":"https:\/\/portalfloresnoar.com\/floresnoar\/wp-json\/wp\/v2\/media?parent=21122"}],"wp:term":[{"taxonomy":"category","embeddable":true,"href":"https:\/\/portalfloresnoar.com\/floresnoar\/wp-json\/wp\/v2\/categories?post=21122"},{"taxonomy":"post_tag","embeddable":true,"href":"https:\/\/portalfloresnoar.com\/floresnoar\/wp-json\/wp\/v2\/tags?post=21122"}],"curies":[{"name":"wp","href":"https:\/\/api.w.org\/{rel}","templated":true}]}}