

{"id":21059,"date":"2015-04-23T09:45:36","date_gmt":"2015-04-23T12:45:36","guid":{"rendered":"http:\/\/portalfloresnoar.com\/floresnoar\/?p=21059"},"modified":"2015-06-07T10:58:39","modified_gmt":"2015-06-07T13:58:39","slug":"caminhada-ecologica-na-praia-de-itapuama-neste-domingo","status":"publish","type":"post","link":"https:\/\/portalfloresnoar.com\/floresnoar\/caminhada-ecologica-na-praia-de-itapuama-neste-domingo\/","title":{"rendered":"Caminhada ecol\u00f3gica na praia de Itapuama dia 7\/6\/15"},"content":{"rendered":"<p>O movimento \u2018Onda Limpa para Gera\u00e7\u00f5es Futuras\u2019, organizado por um grupo de moradores da Praia de Itapuama, no Cabo de Santo Agostinho, realizar\u00e1 neste domingo, 07 de junho, uma caminhada ecol\u00f3gica em comemora\u00e7\u00e3o a Semana do Meio Ambiente, com mutir\u00e3o de coleta de res\u00edduos s\u00f3lidos e distribui\u00e7\u00e3o de panfletos. A ideia \u00e9 do ambientalista e morador local, Estev\u00e3o Santos, membro da ong Associa\u00e7\u00e3o Mangue Ferido.<\/p>\n<p>O evento ter\u00e1 in\u00edcio \u00e0s 8h, no cal\u00e7ad\u00e3o de Itapuama, com caf\u00e9 da manh\u00e3, oficinas de reciclagem e gincana. Recita\u00e7\u00e3o de literatura de cordel com os professores Luiz Esperantivo e Severino Melo tamb\u00e9m fazem parte da programa\u00e7\u00e3o. A dupla caminhada sair\u00e1 \u00e0s 11h30 da Praia de Itapuama, uma em dire\u00e7\u00e3o a Praia do Xar\u00e9u chegando at\u00e9 o PQP na Enseada dos Corais e a outra at\u00e9 a Praia do Paiva. Ao final ser\u00e1 feita a pesagem do material coletado. A programa\u00e7\u00e3o do Onda Limpa Para Gera\u00e7\u00f5es Futuras SE encerra com apresenta\u00e7\u00f5es de bandas locais.<\/p>\n<p>O evento tem o apoio das ong\u2019s Associa\u00e7\u00e3o Mangue Ferido, Projeto Levante, Col\u00e9gio Cogni\u00e7\u00e3o, R\u00e1dio Comunit\u00e1ria A Voz do Pascoal, Associa\u00e7\u00e3o do Patrim\u00f4nio Ambiental da Mata das Duas Lagoas, Dignidade para Lutar e Dignidade para Vencer e Gr\u00e1fica R\u00e1pida. No dia tamb\u00e9m ser\u00e1 repassado entre os participantes, um abaixo assinado cobrando banheiro p\u00fablico ou qu\u00edmico e lixeiras da coleta seletiva. \u201cJ\u00e1 \u00e9 o quatro abaixo assinado que enviamos para a Prefeitura sobre este mesmo assunto e n\u00e3o temos resposta alguma\u201d, denuncia Estev\u00e3o Santos.<\/p>\n","protected":false},"excerpt":{"rendered":"<p>O movimento \u2018Onda Limpa para Gera\u00e7\u00f5es Futuras\u2019, organizado por um grupo de moradores da Praia de Itapuama, no Cabo de Santo Agostinho, realizar\u00e1 neste domingo, 07 de junho, uma caminhada ecol\u00f3gica em comemora\u00e7\u00e3o a Semana do Meio Ambiente, com mutir\u00e3o de coleta de res\u00edduos s\u00f3lidos e distribui\u00e7\u00e3o de panfletos. A ideia \u00e9 do ambientalista e [&hellip;]<\/p>\n","protected":false},"author":1,"featured_media":21060,"comment_status":"open","ping_status":"open","sticky":false,"template":"","format":"standard","meta":{"om_disable_all_campaigns":false,"_monsterinsights_skip_tracking":false,"_monsterinsights_sitenote_active":false,"_monsterinsights_sitenote_note":"","_monsterinsights_sitenote_category":0,"footnotes":""},"categories":[8,214],"tags":[26,170],"acf":[],"publishpress_future_action":{"enabled":false,"date":"1969-12-31 21:00:00","action":"","terms":[],"taxonomy":"","browser_timezone_offset":0},"_links":{"self":[{"href":"https:\/\/portalfloresnoar.com\/floresnoar\/wp-json\/wp\/v2\/posts\/21059"}],"collection":[{"href":"https:\/\/portalfloresnoar.com\/floresnoar\/wp-json\/wp\/v2\/posts"}],"about":[{"href":"https:\/\/portalfloresnoar.com\/floresnoar\/wp-json\/wp\/v2\/types\/post"}],"author":[{"embeddable":true,"href":"https:\/\/portalfloresnoar.com\/floresnoar\/wp-json\/wp\/v2\/users\/1"}],"replies":[{"embeddable":true,"href":"https:\/\/portalfloresnoar.com\/floresnoar\/wp-json\/wp\/v2\/comments?post=21059"}],"version-history":[{"count":0,"href":"https:\/\/portalfloresnoar.com\/floresnoar\/wp-json\/wp\/v2\/posts\/21059\/revisions"}],"wp:featuredmedia":[{"embeddable":true,"href":"https:\/\/portalfloresnoar.com\/floresnoar\/wp-json\/wp\/v2\/media\/21060"}],"wp:attachment":[{"href":"https:\/\/portalfloresnoar.com\/floresnoar\/wp-json\/wp\/v2\/media?parent=21059"}],"wp:term":[{"taxonomy":"category","embeddable":true,"href":"https:\/\/portalfloresnoar.com\/floresnoar\/wp-json\/wp\/v2\/categories?post=21059"},{"taxonomy":"post_tag","embeddable":true,"href":"https:\/\/portalfloresnoar.com\/floresnoar\/wp-json\/wp\/v2\/tags?post=21059"}],"curies":[{"name":"wp","href":"https:\/\/api.w.org\/{rel}","templated":true}]}}