

{"id":21016,"date":"2015-06-01T06:51:01","date_gmt":"2015-06-01T09:51:01","guid":{"rendered":"http:\/\/portalfloresnoar.com\/floresnoar\/?p=21016"},"modified":"2015-06-21T10:02:30","modified_gmt":"2015-06-21T13:02:30","slug":"terapeuta-andre-macri-realiza-palestra-vivencias-e-atendimentos-no-recife-de-19-a-23-de-junho","status":"publish","type":"post","link":"https:\/\/portalfloresnoar.com\/floresnoar\/terapeuta-andre-macri-realiza-palestra-vivencias-e-atendimentos-no-recife-de-19-a-23-de-junho\/","title":{"rendered":"Terapeuta Andre Macri realiza palestra, viv\u00eancias e atendimentos no Recife, de 19 a 23 de junho"},"content":{"rendered":"<p><img decoding=\"async\" loading=\"lazy\" class=\"aligncenter size-full wp-image-21017\" alt=\"flyer agenda Andr\u00e9\" src=\"http:\/\/portalfloresnoar.com\/floresnoar\/wp-content\/uploads\/2015\/05\/flyer-agenda-Andr\u00e9.jpg\" width=\"627\" height=\"886\" srcset=\"https:\/\/portalfloresnoar.com\/floresnoar\/wp-content\/uploads\/2015\/05\/flyer-agenda-Andr\u00e9.jpg 627w, https:\/\/portalfloresnoar.com\/floresnoar\/wp-content\/uploads\/2015\/05\/flyer-agenda-Andr\u00e9-212x300.jpg 212w\" sizes=\"(max-width: 627px) 100vw, 627px\" \/><\/p>\n<p>O facilitador de Retiros Espirituais, professor e terapeuta de Leitura de Aura da Escola de Leitura de Piracanga, Andr\u00e9 Macri,estar\u00e1 no Recife entre 19 e 23 de junho, realizando uma s\u00e9rie de atividades terap\u00eauticas.\u00a0Confira a programa\u00e7\u00e3o!<\/p>\n<p><strong>19 \/06 &#8211; Palestra Cura e Transforma\u00e7\u00e3o<br \/>\n<\/strong><em>Para aqueles que desejam aprofundar e descobrir sobre a cura interior, responsabilidade energ\u00e9tica e transforma\u00e7\u00e3o.<\/em><strong><br \/>\n<strong>Local:<\/strong> <\/strong>Luminaris &#8211;\u00a0\u00a0Rua Jac\u00f3 Velosino, 103, Casa Forte, Recife\/PE<strong><br \/>\n<strong>Hora:<\/strong><\/strong> 20h \u00e0s 22h<strong><br \/>\n<strong>Invenstimento:<\/strong> <\/strong>R$ 30,00<\/p>\n<p><strong>20\/06 &#8211; Workshop Relacionamentos e Fam\u00edlia<\/strong><br \/>\n<em>Um convite para a uni\u00e3o e o amor<\/em><br \/>\n<em> Como voc\u00ea est\u00e1 se relacionando? A fam\u00edlia e os relacionamentos t\u00eam um papel essencial na contru\u00e7\u00e3o do seu Ser e influenciam diretamente na sua energia. Se permitir observar e cuidar desses pilares contribui para que voc\u00ea compreenda suas rela\u00e7\u00f5es.<\/em><br \/>\n<strong>Local:<\/strong>\u00a0Luminaris &#8211;\u00a0\u00a0Rua Jac\u00f3 Velosino, 103, Casa Forte, Recife\/PE<br \/>\n<strong>Hora: <\/strong>9h \u00e0s 18h<br \/>\nInvestimento: R$ 120,00<\/p>\n<p><strong>20\/06 &#8211; Viv\u00eancia dos Anjos Celestiais<\/strong><br \/>\n<em>A viv\u00eancia com os Anjos Celestiais permite entrar em resson\u00e2ncia com o cora\u00e7\u00e3o, abrindo as portas para as infinitas possibilidades.<\/em><br \/>\n<strong>Local:<\/strong>\u00a0Luminaris &#8211;\u00a0\u00a0Rua Jac\u00f3 Velosino, 103, Casa Forte, Recife\/PE<br \/>\n<strong>Hora: <\/strong>20h \u00e0s 22h<strong> <\/strong><br \/>\n<strong>Investimento: <\/strong>R$ 40,00<\/p>\n<p><strong>Obs.:<\/strong> Quem participar do Workshop e da Viv\u00eancia\/Medita\u00e7\u00e3o dos Anjos Celestiais, o investimento total fica em: R$ 150,00<\/p>\n<p>ATENDIMENTOS (no Espa\u00e7o Gerar)<br \/>\n<strong>Leitura de Aura<\/strong><br \/>\nLeitura de Aura \u00e9 uma terapia onde vamos ler todas as informa\u00e7\u00f5es contidas em sua aura , nos chakras e tamb\u00e9m informa\u00e7\u00f5es em vidas passadas.<br \/>\nLeitura Geral<br \/>\nLeitura de Relacionamento<br \/>\nLeitura Tem\u00e1tica<\/p>\n<p><strong>Or\u00e1culo do Nascimento<\/strong><br \/>\n\u00c9 uma Leitura especifica que revela informa\u00e7\u00f5es contidas nas mem\u00f3rias da Gesta\u00e7\u00e3o, assim como do Nascimento.<\/p>\n<p><strong>Or\u00e1culo da Crian\u00e7a Interior<\/strong><br \/>\nAtrav\u00e9s dessa leitura ser\u00e1 poss\u00edvel esclarecer sua liga\u00e7\u00e3o com sua crian\u00e7a interior, identificando quais energias e comportamentos, conscientes e inconscientes, voc\u00ea herdou dos seus pais e irm\u00e3os, de crian\u00e7a, jovem e adolescente.<\/p>\n<p><strong>Terapia Celestial<\/strong><br \/>\nDurante essa sess\u00e3o voc\u00ea entrara em contato com a sua consci\u00eancia interior,atrav\u00e9s da eleva\u00e7\u00e3o da sua vibra\u00e7\u00e3o energ\u00e9tica, que te permite transformar e eliminar do seu Ser diversos impedimentos criados que te det\u00e9m de te Realizar como Ser de Luz.<\/p>\n<p><strong>Terapia de Cura<\/strong><br \/>\nEssa terapia tem a inten\u00e7\u00e3o de conectar a sua inten\u00e7\u00e3o com o seu ser superior, tendo assim a possibilidade de limpar, curar, sanar, transformar e realinhar todos so centros de energias que est\u00e3o desequilibrados ou sendo influenciados por qualquer energia.<\/p>\n<p><strong>Dias:<\/strong> 21, 22 e 23 de junho<br \/>\n<strong>Local dos atendimentos:<\/strong>\u00a0\u00a0Espa\u00e7o Gerar &#8211; Rua Jorge de Albuquerque, 103, Casa Forte, Recife<br \/>\n<strong>Investimento:<\/strong> R$ 220,00<\/p>\n<p>ATEN\u00c7\u00c3O: \u00c9 necess\u00e1rio realizar o agendamento atrav\u00e9s dos telefones: (81) 9902.0991<\/p>\n<p><strong>Email:<\/strong> contato@fontesdeluz.com.br<\/p>\n<p><strong>Fone:\u00a0<\/strong>(81) 9902.0991<\/p>\n<p><a href=\"http:\/\/www.fontesdeluz.com.br\/\" target=\"_blank\">www.fontesdeluz.com.br<\/a><\/p>\n<p>&nbsp;<\/p>\n","protected":false},"excerpt":{"rendered":"<p>O facilitador de Retiros Espirituais, professor e terapeuta de Leitura de Aura da Escola de Leitura de Piracanga, Andr\u00e9 Macri,estar\u00e1 no Recife entre 19 e 23 de junho, realizando uma s\u00e9rie de atividades terap\u00eauticas.\u00a0Confira a programa\u00e7\u00e3o! 19 \/06 &#8211; Palestra Cura e Transforma\u00e7\u00e3o Para aqueles que desejam aprofundar e descobrir sobre a cura interior, responsabilidade [&hellip;]<\/p>\n","protected":false},"author":1,"featured_media":21018,"comment_status":"open","ping_status":"open","sticky":false,"template":"","format":"standard","meta":{"om_disable_all_campaigns":false,"_monsterinsights_skip_tracking":false,"_monsterinsights_sitenote_active":false,"_monsterinsights_sitenote_note":"","_monsterinsights_sitenote_category":0,"footnotes":""},"categories":[8,214],"tags":[246],"acf":[],"publishpress_future_action":{"enabled":false,"date":"1969-12-31 21:00:00","action":"","terms":[],"taxonomy":"","browser_timezone_offset":0},"_links":{"self":[{"href":"https:\/\/portalfloresnoar.com\/floresnoar\/wp-json\/wp\/v2\/posts\/21016"}],"collection":[{"href":"https:\/\/portalfloresnoar.com\/floresnoar\/wp-json\/wp\/v2\/posts"}],"about":[{"href":"https:\/\/portalfloresnoar.com\/floresnoar\/wp-json\/wp\/v2\/types\/post"}],"author":[{"embeddable":true,"href":"https:\/\/portalfloresnoar.com\/floresnoar\/wp-json\/wp\/v2\/users\/1"}],"replies":[{"embeddable":true,"href":"https:\/\/portalfloresnoar.com\/floresnoar\/wp-json\/wp\/v2\/comments?post=21016"}],"version-history":[{"count":0,"href":"https:\/\/portalfloresnoar.com\/floresnoar\/wp-json\/wp\/v2\/posts\/21016\/revisions"}],"wp:featuredmedia":[{"embeddable":true,"href":"https:\/\/portalfloresnoar.com\/floresnoar\/wp-json\/wp\/v2\/media\/21018"}],"wp:attachment":[{"href":"https:\/\/portalfloresnoar.com\/floresnoar\/wp-json\/wp\/v2\/media?parent=21016"}],"wp:term":[{"taxonomy":"category","embeddable":true,"href":"https:\/\/portalfloresnoar.com\/floresnoar\/wp-json\/wp\/v2\/categories?post=21016"},{"taxonomy":"post_tag","embeddable":true,"href":"https:\/\/portalfloresnoar.com\/floresnoar\/wp-json\/wp\/v2\/tags?post=21016"}],"curies":[{"name":"wp","href":"https:\/\/api.w.org\/{rel}","templated":true}]}}