

{"id":20964,"date":"2015-05-21T11:27:56","date_gmt":"2015-05-21T14:27:56","guid":{"rendered":"http:\/\/portalfloresnoar.com\/floresnoar\/?p=20964"},"modified":"2015-05-30T10:00:14","modified_gmt":"2015-05-30T13:00:14","slug":"encontro-de-biodanca-em-aldeia-dia-305","status":"publish","type":"post","link":"https:\/\/portalfloresnoar.com\/floresnoar\/encontro-de-biodanca-em-aldeia-dia-305\/","title":{"rendered":"Encontro de Biodan\u00e7a em Aldeia dia 30\/5"},"content":{"rendered":"<p style=\"text-align: center;\"><img decoding=\"async\" loading=\"lazy\" class=\"aligncenter  wp-image-20965\" alt=\"biodan\u00e7a\" src=\"http:\/\/portalfloresnoar.com\/floresnoar\/wp-content\/uploads\/2015\/05\/biodan\u00e7a.jpg\" width=\"562\" height=\"353\" srcset=\"https:\/\/portalfloresnoar.com\/floresnoar\/wp-content\/uploads\/2015\/05\/biodan\u00e7a.jpg 1435w, https:\/\/portalfloresnoar.com\/floresnoar\/wp-content\/uploads\/2015\/05\/biodan\u00e7a-300x188.jpg 300w, https:\/\/portalfloresnoar.com\/floresnoar\/wp-content\/uploads\/2015\/05\/biodan\u00e7a-1024x642.jpg 1024w\" sizes=\"(max-width: 562px) 100vw, 562px\" \/><\/p>\n<p>Dia 30\/05\/2015 (s\u00e1bado) tem Biodan\u00e7a (A Dan\u00e7a da Vida) na Ch\u00e1cara Esmeralda &#8211; Espa\u00e7o Lapis Lazuli unidade Aldeia. O encontro come\u00e7a \u00e0s 10h e vai at\u00e9 \u00e0s 18h.<\/p>\n<p>A Biodan\u00e7a \u00e9 um trabalho realizado em grupo que estimula o aprendizado da comunica\u00e7\u00e3o, do cuidado e da coopera\u00e7\u00e3o, o que leva as pessoas a se relacionarem melhor e estabelecer v\u00ednculos afetivos. A pr\u00e1tica estimula a renova\u00e7\u00e3o e equil\u00edbrio org\u00e2nico, a resist\u00eancia imunol\u00f3gica, a energia vital e disposi\u00e7\u00e3o para a a\u00e7\u00e3o, substituindo o estresse pela harmonia.<\/p>\n<p><strong>Alguns benef\u00edcios da Biodan\u00e7a:<\/strong><br \/>\n&#8211; Revitaliza todo o organismo<br \/>\n&#8211; Combate o estresse e ins\u00f4nia<br \/>\n&#8211; Antidepressivo<br \/>\n&#8211; Fortalece o Sistema Imunol\u00f3gico<br \/>\n&#8211; Equilibra sistema neuroend\u00f3crino<br \/>\n&#8211; Restabelece as fun\u00e7\u00f5es sexuais<br \/>\n&#8211; Eleva a autoestima<br \/>\n&#8211; Promove assertividade e criatividade<\/p>\n<p><b>Facilitador:<\/b> Roberto Pagano &#8211;\u00a0Licenciado pela International Biocentric Fundation (IBF);\u00a0Especializa\u00e7\u00e3o em Projeto Minotauro e \u00c1rvore dos Desejos.<\/p>\n<p><b>Servi\u00e7o:<\/b><\/p>\n<p><b>Grupo mensal (sempre no \u00faltimo s\u00e1bado)<\/b><br \/>\n<b>Local:<\/b> Ch\u00e1cara Esmeralda &#8211; Estrada de Aldeia, km 8,2.<br \/>\n<b>Mensalidade:<\/b> R$ 80,00 (individual); R$ 120,00 (casal)<br \/>\n<b>Informa\u00e7\u00f5es\/Inscri\u00e7\u00f5es<\/b><br \/>\nRoberto Pagano \u2013 8899.8261 robertopaganoluz@gmail.com<br \/>\nGoretti Melo \u2013 3426.8737 <a href=\"mailto:falagorettimelo@gmail.com\">falagorettimelo@gmail.com<\/a><b><\/b><\/p>\n<p><strong>Links para contato: \u200b<\/strong><br \/>\n<a href=\"http:\/\/lapislazuli-recife.blogspot.com.br\/\" target=\"_blank\">http:\/\/lapislazuli-recife.blogspot.com.br\/<\/a><br \/>\n<a href=\"http:\/\/www.facebook.com\/espacolapislazuli\" target=\"_blank\">www.facebook.com\/espacolapislazuli<\/a><b><\/b><\/p>\n<p style=\"text-align: center;\"><strong>ROTEIRO DA CH\u00c1CARA ESMERALDA<\/strong><br \/>\n<img decoding=\"async\" loading=\"lazy\" class=\"aligncenter  wp-image-19812\" alt=\"roteiro chacara esmeralda\" src=\"http:\/\/portalfloresnoar.com\/floresnoar\/wp-content\/uploads\/2015\/02\/roteiro-chacara-esmeralda.jpg\" width=\"526\" height=\"398\" srcset=\"https:\/\/portalfloresnoar.com\/floresnoar\/wp-content\/uploads\/2015\/02\/roteiro-chacara-esmeralda.jpg 752w, https:\/\/portalfloresnoar.com\/floresnoar\/wp-content\/uploads\/2015\/02\/roteiro-chacara-esmeralda-300x226.jpg 300w, https:\/\/portalfloresnoar.com\/floresnoar\/wp-content\/uploads\/2015\/02\/roteiro-chacara-esmeralda-160x120.jpg 160w\" sizes=\"(max-width: 526px) 100vw, 526px\" \/><\/p>\n","protected":false},"excerpt":{"rendered":"<p>Dia 30\/05\/2015 (s\u00e1bado) tem Biodan\u00e7a (A Dan\u00e7a da Vida) na Ch\u00e1cara Esmeralda &#8211; Espa\u00e7o Lapis Lazuli unidade Aldeia. O encontro come\u00e7a \u00e0s 10h e vai at\u00e9 \u00e0s 18h. A Biodan\u00e7a \u00e9 um trabalho realizado em grupo que estimula o aprendizado da comunica\u00e7\u00e3o, do cuidado e da coopera\u00e7\u00e3o, o que leva as pessoas a se relacionarem [&hellip;]<\/p>\n","protected":false},"author":1,"featured_media":20965,"comment_status":"open","ping_status":"open","sticky":false,"template":"","format":"standard","meta":{"om_disable_all_campaigns":false,"_monsterinsights_skip_tracking":false,"_monsterinsights_sitenote_active":false,"_monsterinsights_sitenote_note":"","_monsterinsights_sitenote_category":0,"footnotes":""},"categories":[8,214],"tags":[66],"acf":[],"publishpress_future_action":{"enabled":false,"date":"1969-12-31 21:00:00","action":"","terms":[],"taxonomy":"","browser_timezone_offset":0},"_links":{"self":[{"href":"https:\/\/portalfloresnoar.com\/floresnoar\/wp-json\/wp\/v2\/posts\/20964"}],"collection":[{"href":"https:\/\/portalfloresnoar.com\/floresnoar\/wp-json\/wp\/v2\/posts"}],"about":[{"href":"https:\/\/portalfloresnoar.com\/floresnoar\/wp-json\/wp\/v2\/types\/post"}],"author":[{"embeddable":true,"href":"https:\/\/portalfloresnoar.com\/floresnoar\/wp-json\/wp\/v2\/users\/1"}],"replies":[{"embeddable":true,"href":"https:\/\/portalfloresnoar.com\/floresnoar\/wp-json\/wp\/v2\/comments?post=20964"}],"version-history":[{"count":0,"href":"https:\/\/portalfloresnoar.com\/floresnoar\/wp-json\/wp\/v2\/posts\/20964\/revisions"}],"wp:featuredmedia":[{"embeddable":true,"href":"https:\/\/portalfloresnoar.com\/floresnoar\/wp-json\/wp\/v2\/media\/20965"}],"wp:attachment":[{"href":"https:\/\/portalfloresnoar.com\/floresnoar\/wp-json\/wp\/v2\/media?parent=20964"}],"wp:term":[{"taxonomy":"category","embeddable":true,"href":"https:\/\/portalfloresnoar.com\/floresnoar\/wp-json\/wp\/v2\/categories?post=20964"},{"taxonomy":"post_tag","embeddable":true,"href":"https:\/\/portalfloresnoar.com\/floresnoar\/wp-json\/wp\/v2\/tags?post=20964"}],"curies":[{"name":"wp","href":"https:\/\/api.w.org\/{rel}","templated":true}]}}