

{"id":20927,"date":"2015-05-19T23:44:08","date_gmt":"2015-05-20T02:44:08","guid":{"rendered":"http:\/\/portalfloresnoar.com\/floresnoar\/?p=20927"},"modified":"2015-06-04T18:36:21","modified_gmt":"2015-06-04T21:36:21","slug":"oficina-desenho-criativo-com-modelo-vivo","status":"publish","type":"post","link":"https:\/\/portalfloresnoar.com\/floresnoar\/oficina-desenho-criativo-com-modelo-vivo\/","title":{"rendered":"Oficina &#8216;Desenho Criativo com Modelo Vivo&#8217;"},"content":{"rendered":"<p style=\"text-align: center;\"><img decoding=\"async\" loading=\"lazy\" class=\"aligncenter  wp-image-20929\" alt=\"p Oficina Modelo Vivo 2015\" src=\"http:\/\/portalfloresnoar.com\/floresnoar\/wp-content\/uploads\/2015\/05\/p-Oficina-Modelo-Vivo-2015.jpg\" width=\"632\" height=\"894\" srcset=\"https:\/\/portalfloresnoar.com\/floresnoar\/wp-content\/uploads\/2015\/05\/p-Oficina-Modelo-Vivo-2015.jpg 702w, https:\/\/portalfloresnoar.com\/floresnoar\/wp-content\/uploads\/2015\/05\/p-Oficina-Modelo-Vivo-2015-212x300.jpg 212w\" sizes=\"(max-width: 632px) 100vw, 632px\" \/><\/p>\n<p>A artista pl\u00e1stica e ilustradora Valeria Rey Soto realiza em Olinda a\u00a0Oficina &#8216;Desenho Criativo com Modelo Vivo&#8217;. Os encontros acontecem aos s\u00e1bados, das 16h30 \u00e0s 19h30, at\u00e9 o dia 18 de julho.<\/p>\n<p>Tamb\u00e9m \u00e9 poss\u00edvel a participa\u00e7\u00e3o em aulas avulsas, ao custo de R$ 70,00 cada encontro.<\/p>\n<p>A oficina visa desenvolver os princ\u00edpios do desenho atrav\u00e9s da representa\u00e7\u00e3o bidimensional: enquadramento, equil\u00edbrio e propor\u00e7\u00e3o, estimulando a criatividade e express\u00e3o individual.\u00a0Os conte\u00fados e m\u00e9todos da oficina permitir\u00e3o ao aluno se iniciar em trabalhos pessoais de cria\u00e7\u00e3o no desenho, assim como se familiarizar com diversas t\u00e9cnicas, aquarela, nanquim, carv\u00e3o, pasteis e colagem. &#8220;Realizaremos t\u00e9cnicas para nos aproximar das diferentes correntes art\u00edsticas ao longo da hist\u00f3ria, que nos permitir\u00e3o um entendimento mais profundo do desenho de modelo vivo&#8221;, explica Valeria.<\/p>\n<p>Valeria Rey Soto \u00e9 formada em Belas Artes com especializa\u00e7\u00e3o em desenho art\u00edstico pela Universidade de Salamanca (Espanha). Mora e trabalha em Pernambuco desde 2007. Ministra aulas de desenho no seu ateli\u00ea, e em parceria com outras institui\u00e7\u00f5es.<\/p>\n<p><span style=\"text-decoration: underline;\"><strong><a href=\"http:\/\/www.valeriareysoto.com\/projetos\/oficina-desenho-criativo-com-modelo-vivo\" target=\"_blank\">http:\/\/www.valeriareysoto.com\/projetos\/oficina-desenho-criativo-com-modelo-vivo<\/a><\/strong><\/span><\/p>\n<p><a href=\"http:\/\/www.valeriareysoto.com\/\" target=\"_blank\">www.ValeriaReySoto.com<\/a><br \/>\nFacebook: <a href=\"https:\/\/www.facebook.com\/pages\/Valeria-Rey-Soto\/238934279484720\" target=\"_blank\">Valeria Rey Soto<\/a><br \/>\nCARGA HOR\u00c1RIA: 24 horas<br \/>\nDATA: S\u00e1bado das 16:30 \u00e0s 19:30, do dia 30 de Maio ao 18 de Julho 2015<br \/>\nLOCAL: Villa Theresita. Rua S\u00e3o Francisco, no113, Carmo, Olinda<br \/>\nINVESTIMENTO: R$ 260,00 por m\u00eas. ( Material e modelo incluso)<br \/>\nAULA AVULSA: R$ 70,00<br \/>\nINSCRI\u00c7\u00d5ES: Contato@VillaTheresita.com (81) 9615.8845 (81) 8781.1290<\/p>\n<p>&nbsp;<\/p>\n<p>&nbsp;<\/p>\n","protected":false},"excerpt":{"rendered":"<p>A artista pl\u00e1stica e ilustradora Valeria Rey Soto realiza em Olinda a\u00a0Oficina &#8216;Desenho Criativo com Modelo Vivo&#8217;. Os encontros acontecem aos s\u00e1bados, das 16h30 \u00e0s 19h30, at\u00e9 o dia 18 de julho. Tamb\u00e9m \u00e9 poss\u00edvel a participa\u00e7\u00e3o em aulas avulsas, ao custo de R$ 70,00 cada encontro. A oficina visa desenvolver os princ\u00edpios do desenho [&hellip;]<\/p>\n","protected":false},"author":1,"featured_media":20930,"comment_status":"open","ping_status":"open","sticky":false,"template":"","format":"standard","meta":{"om_disable_all_campaigns":false,"_monsterinsights_skip_tracking":false,"_monsterinsights_sitenote_active":false,"_monsterinsights_sitenote_note":"","_monsterinsights_sitenote_category":0,"footnotes":""},"categories":[8,214],"tags":[89,65],"acf":[],"publishpress_future_action":{"enabled":false,"date":"1969-12-31 21:00:00","action":"","terms":[],"taxonomy":"","browser_timezone_offset":0},"_links":{"self":[{"href":"https:\/\/portalfloresnoar.com\/floresnoar\/wp-json\/wp\/v2\/posts\/20927"}],"collection":[{"href":"https:\/\/portalfloresnoar.com\/floresnoar\/wp-json\/wp\/v2\/posts"}],"about":[{"href":"https:\/\/portalfloresnoar.com\/floresnoar\/wp-json\/wp\/v2\/types\/post"}],"author":[{"embeddable":true,"href":"https:\/\/portalfloresnoar.com\/floresnoar\/wp-json\/wp\/v2\/users\/1"}],"replies":[{"embeddable":true,"href":"https:\/\/portalfloresnoar.com\/floresnoar\/wp-json\/wp\/v2\/comments?post=20927"}],"version-history":[{"count":0,"href":"https:\/\/portalfloresnoar.com\/floresnoar\/wp-json\/wp\/v2\/posts\/20927\/revisions"}],"wp:featuredmedia":[{"embeddable":true,"href":"https:\/\/portalfloresnoar.com\/floresnoar\/wp-json\/wp\/v2\/media\/20930"}],"wp:attachment":[{"href":"https:\/\/portalfloresnoar.com\/floresnoar\/wp-json\/wp\/v2\/media?parent=20927"}],"wp:term":[{"taxonomy":"category","embeddable":true,"href":"https:\/\/portalfloresnoar.com\/floresnoar\/wp-json\/wp\/v2\/categories?post=20927"},{"taxonomy":"post_tag","embeddable":true,"href":"https:\/\/portalfloresnoar.com\/floresnoar\/wp-json\/wp\/v2\/tags?post=20927"}],"curies":[{"name":"wp","href":"https:\/\/api.w.org\/{rel}","templated":true}]}}