

{"id":20906,"date":"2015-05-18T10:00:18","date_gmt":"2015-05-18T13:00:18","guid":{"rendered":"http:\/\/portalfloresnoar.com\/floresnoar\/?p=20906"},"modified":"2015-05-18T10:00:18","modified_gmt":"2015-05-18T13:00:18","slug":"conferencia-regional-sobre-os-impactos-dos-agrotoxicos-dia-46-em-petrolinape","status":"publish","type":"post","link":"https:\/\/portalfloresnoar.com\/floresnoar\/conferencia-regional-sobre-os-impactos-dos-agrotoxicos-dia-46-em-petrolinape\/","title":{"rendered":"Confer\u00eancia Regional sobre os Impactos dos Agrot\u00f3xicos, dia 4\/6, em Petrolina\/PE"},"content":{"rendered":"<p>A situa\u00e7\u00e3o do uso de agrot\u00f3xicos em Pernambuco \u00e9 preocupante e precisa ser urgentemente revertida. O modelo do agroneg\u00f3cio induz o uso dos venenos agr\u00edcolas, que expressam uma forma de viol\u00eancia \u00e0 vida. Pesquisas comprovam forte rela\u00e7\u00e3o do aumento de doen\u00e7as e mortes com a utiliza\u00e7\u00e3o de agrot\u00f3xicos. S\u00e3o muitos casos de intoxica\u00e7\u00f5es, c\u00e2ncer, suic\u00eddios, altera\u00e7\u00f5es no desenvolvimento das crian\u00e7as e adolescentes, entre outros impactos na sa\u00fade. Al\u00e9m do desrespeito \u00e0 legisla\u00e7\u00e3o que protege os(as) trabalhadores(as), realidade observada em Pernambuco, notadamente na regi\u00e3o da fruticultura irrigada no Vale do S\u00e3o Francisco e outras regi\u00f5es produtoras de hortifrutigranjeiros.<\/p>\n<p>O F\u00f3rum Pernambucano de Combate aos Efeitos do Uso de Agrot\u00f3xicos conclama o povo pernambucano, organiza\u00e7\u00f5es governamentais e n\u00e3o governamentais e demais setores sociais a participar das confer\u00eancias regionais sobre os impactos dos agrot\u00f3xicos com os seguintes objetivos:<\/p>\n<p>1.       Denunciar situa\u00e7\u00f5es de uso de agrot\u00f3xicos que amea\u00e7am a sa\u00fade de trabalhadores(as), da popula\u00e7\u00e3o e do ambiente \u00e0s autoridades competentes;<\/p>\n<p>2.       Acolher propostas para elabora\u00e7\u00e3o do Plano Estadual de Combate aos Efeitos dos Agrot\u00f3xicos;<\/p>\n<p>3.       Incentivar a cria\u00e7\u00e3o de f\u00f3runs e campanhas locais, municipais e regionais de combate aos efeitos dos agrot\u00f3xicos na sa\u00fade dos trabalhadores(as), ambiente e sociedade;<\/p>\n<p>4.       Constituir uma Coordena\u00e7\u00e3o do F\u00f3rum Regional de Combate aos Efeitos dos Agrot\u00f3xicos no Vale do S\u00e3o Francisco, envolvendo PE e BA. <\/p>\n<p><strong>A primeira confer\u00eancia acontecer\u00e1 em Petrolina-PE no dia 4\/6\/2015 das 07:30 \u00e0s 17:00h, no audit\u00f3rio do SEST SENAT de Petrolina (R. Souza Le\u00e3o, 10 &#8211; Kil\u00f4metro 2). <\/strong><\/p>\n<p>O F\u00f3rum Pernambucano sobre os Efeitos dos Agrot\u00f3xicos na Sa\u00fade do Trabalhador, Meio Ambiente e Sociedade se prop\u00f5e a ser um espa\u00e7o de di\u00e1logo, articula\u00e7\u00e3o e a\u00e7\u00e3o entre os diversos atores envolvidos no problema. Desde 2001, o F\u00f3rum vem atuando com o objetivo de articular minist\u00e9rios p\u00fablicos, \u00f3rg\u00e3os governamentais, sociedade civil e movimentos sociais para uma abordagem intersetorial do problema do uso de agrot\u00f3xicos. Apesar dos avan\u00e7os pontuais conquistados o uso indiscriminado de agrot\u00f3xicos tem aumentado no Brasil e em Pernambuco. <\/p>\n<p>www.facebook.com\/ForumAgrotoxicosPE<\/p>\n<p>forumagrotoxicospe@gmail.com<\/p>\n","protected":false},"excerpt":{"rendered":"<p>A situa\u00e7\u00e3o do uso de agrot\u00f3xicos em Pernambuco \u00e9 preocupante e precisa ser urgentemente revertida. O modelo do agroneg\u00f3cio induz o uso dos venenos agr\u00edcolas, que expressam uma forma de viol\u00eancia \u00e0 vida. Pesquisas comprovam forte rela\u00e7\u00e3o do aumento de doen\u00e7as e mortes com a utiliza\u00e7\u00e3o de agrot\u00f3xicos. S\u00e3o muitos casos de intoxica\u00e7\u00f5es, c\u00e2ncer, suic\u00eddios, [&hellip;]<\/p>\n","protected":false},"author":1,"featured_media":20907,"comment_status":"open","ping_status":"open","sticky":false,"template":"","format":"standard","meta":{"om_disable_all_campaigns":false,"_monsterinsights_skip_tracking":false,"_monsterinsights_sitenote_active":false,"_monsterinsights_sitenote_note":"","_monsterinsights_sitenote_category":0,"footnotes":""},"categories":[8,214],"tags":[241,247],"acf":[],"publishpress_future_action":{"enabled":false,"date":"1969-12-31 21:00:00","action":"","terms":[],"taxonomy":"","browser_timezone_offset":0},"_links":{"self":[{"href":"https:\/\/portalfloresnoar.com\/floresnoar\/wp-json\/wp\/v2\/posts\/20906"}],"collection":[{"href":"https:\/\/portalfloresnoar.com\/floresnoar\/wp-json\/wp\/v2\/posts"}],"about":[{"href":"https:\/\/portalfloresnoar.com\/floresnoar\/wp-json\/wp\/v2\/types\/post"}],"author":[{"embeddable":true,"href":"https:\/\/portalfloresnoar.com\/floresnoar\/wp-json\/wp\/v2\/users\/1"}],"replies":[{"embeddable":true,"href":"https:\/\/portalfloresnoar.com\/floresnoar\/wp-json\/wp\/v2\/comments?post=20906"}],"version-history":[{"count":0,"href":"https:\/\/portalfloresnoar.com\/floresnoar\/wp-json\/wp\/v2\/posts\/20906\/revisions"}],"wp:featuredmedia":[{"embeddable":true,"href":"https:\/\/portalfloresnoar.com\/floresnoar\/wp-json\/wp\/v2\/media\/20907"}],"wp:attachment":[{"href":"https:\/\/portalfloresnoar.com\/floresnoar\/wp-json\/wp\/v2\/media?parent=20906"}],"wp:term":[{"taxonomy":"category","embeddable":true,"href":"https:\/\/portalfloresnoar.com\/floresnoar\/wp-json\/wp\/v2\/categories?post=20906"},{"taxonomy":"post_tag","embeddable":true,"href":"https:\/\/portalfloresnoar.com\/floresnoar\/wp-json\/wp\/v2\/tags?post=20906"}],"curies":[{"name":"wp","href":"https:\/\/api.w.org\/{rel}","templated":true}]}}