

{"id":20898,"date":"2015-04-14T11:31:49","date_gmt":"2015-04-14T14:31:49","guid":{"rendered":"http:\/\/portalfloresnoar.com\/floresnoar\/?p=20898"},"modified":"2015-05-31T09:09:15","modified_gmt":"2015-05-31T12:09:15","slug":"leitura-de-aura-solidaria-no-gerar","status":"publish","type":"post","link":"https:\/\/portalfloresnoar.com\/floresnoar\/leitura-de-aura-solidaria-no-gerar\/","title":{"rendered":"Leitura de Aura Solid\u00e1ria no Gerar"},"content":{"rendered":"<p style=\"text-align: center;\"><img decoding=\"async\" loading=\"lazy\" class=\"aligncenter  wp-image-20895\" alt=\"Flyer ELAS Maio\" src=\"http:\/\/portalfloresnoar.com\/floresnoar\/wp-content\/uploads\/2015\/05\/Flyer-ELAS-Maio.jpg\" width=\"568\" height=\"803\" srcset=\"https:\/\/portalfloresnoar.com\/floresnoar\/wp-content\/uploads\/2015\/05\/Flyer-ELAS-Maio.jpg 1448w, https:\/\/portalfloresnoar.com\/floresnoar\/wp-content\/uploads\/2015\/05\/Flyer-ELAS-Maio-212x300.jpg 212w, https:\/\/portalfloresnoar.com\/floresnoar\/wp-content\/uploads\/2015\/05\/Flyer-ELAS-Maio-724x1024.jpg 724w\" sizes=\"(max-width: 568px) 100vw, 568px\" \/><\/p>\n<p>No dia 26 de maio, no Espa\u00e7o Gerar, das 19h \u00e0s 22h, haver\u00e1 Leitura de Aura Solid\u00e1ria, promovida pelos terapeutas do Fontes de Luz. Os interessados devem fazer as inscri\u00e7\u00f5es previamente, atrav\u00e9s dos telefones: (81) 9902.0991. \u00c9 sugerida a contribui\u00e7\u00e3o de R$ 25,00. As vagas s\u00e3o limitadas!<\/p>\n<p>A aura \u00e9 um campo energ\u00e9tico que guarda a ess\u00eancia de cada pessoa com todas as suas informa\u00e7\u00f5es, e atrav\u00e9s da leitura deste campo energ\u00e9tico \u2013 a leitura de aura \u2013 o estado interior \u00e9 revelado: emo\u00e7\u00f5es, pensamentos, bloqueios e potenciais.<\/p>\n<p><strong>Mais informa\u00e7\u00f5es<\/strong><br \/>\nE-mail: contato@fontesdeluz.com.br<br \/>\nFones: (81) 9902.0991<br \/>\nLocal: Espa\u00e7o Gerar, Rua Jorge de Albuquerque, 103, Casa Forte, Recife-PE.Fone: (81) 3268.1749<\/p>\n","protected":false},"excerpt":{"rendered":"<p>No dia 26 de maio, no Espa\u00e7o Gerar, das 19h \u00e0s 22h, haver\u00e1 Leitura de Aura Solid\u00e1ria, promovida pelos terapeutas do Fontes de Luz. Os interessados devem fazer as inscri\u00e7\u00f5es previamente, atrav\u00e9s dos telefones: (81) 9902.0991. \u00c9 sugerida a contribui\u00e7\u00e3o de R$ 25,00. As vagas s\u00e3o limitadas! A aura \u00e9 um campo energ\u00e9tico que guarda [&hellip;]<\/p>\n","protected":false},"author":1,"featured_media":20559,"comment_status":"open","ping_status":"open","sticky":false,"template":"","format":"standard","meta":{"om_disable_all_campaigns":false,"_monsterinsights_skip_tracking":false,"_monsterinsights_sitenote_active":false,"_monsterinsights_sitenote_note":"","_monsterinsights_sitenote_category":0,"footnotes":""},"categories":[8,214],"tags":[246],"acf":[],"publishpress_future_action":{"enabled":false,"date":"1969-12-31 21:00:00","action":"","terms":[],"taxonomy":"","browser_timezone_offset":0},"_links":{"self":[{"href":"https:\/\/portalfloresnoar.com\/floresnoar\/wp-json\/wp\/v2\/posts\/20898"}],"collection":[{"href":"https:\/\/portalfloresnoar.com\/floresnoar\/wp-json\/wp\/v2\/posts"}],"about":[{"href":"https:\/\/portalfloresnoar.com\/floresnoar\/wp-json\/wp\/v2\/types\/post"}],"author":[{"embeddable":true,"href":"https:\/\/portalfloresnoar.com\/floresnoar\/wp-json\/wp\/v2\/users\/1"}],"replies":[{"embeddable":true,"href":"https:\/\/portalfloresnoar.com\/floresnoar\/wp-json\/wp\/v2\/comments?post=20898"}],"version-history":[{"count":0,"href":"https:\/\/portalfloresnoar.com\/floresnoar\/wp-json\/wp\/v2\/posts\/20898\/revisions"}],"wp:featuredmedia":[{"embeddable":true,"href":"https:\/\/portalfloresnoar.com\/floresnoar\/wp-json\/wp\/v2\/media\/20559"}],"wp:attachment":[{"href":"https:\/\/portalfloresnoar.com\/floresnoar\/wp-json\/wp\/v2\/media?parent=20898"}],"wp:term":[{"taxonomy":"category","embeddable":true,"href":"https:\/\/portalfloresnoar.com\/floresnoar\/wp-json\/wp\/v2\/categories?post=20898"},{"taxonomy":"post_tag","embeddable":true,"href":"https:\/\/portalfloresnoar.com\/floresnoar\/wp-json\/wp\/v2\/tags?post=20898"}],"curies":[{"name":"wp","href":"https:\/\/api.w.org\/{rel}","templated":true}]}}