

{"id":20892,"date":"2015-05-14T10:57:36","date_gmt":"2015-05-14T13:57:36","guid":{"rendered":"http:\/\/portalfloresnoar.com\/floresnoar\/?p=20892"},"modified":"2015-05-22T08:00:03","modified_gmt":"2015-05-22T11:00:03","slug":"curso-de-meditacao-das-rosas-com-felipe-lapa-no-luminaris","status":"publish","type":"post","link":"https:\/\/portalfloresnoar.com\/floresnoar\/curso-de-meditacao-das-rosas-com-felipe-lapa-no-luminaris\/","title":{"rendered":"Curso de Medita\u00e7\u00e3o das Rosas, com Felipe Lapa, no Luminaris"},"content":{"rendered":"<p style=\"text-align: center;\"><img decoding=\"async\" loading=\"lazy\" class=\"aligncenter  wp-image-20896\" alt=\"Flyer Med das Rosas Maio\" src=\"http:\/\/portalfloresnoar.com\/floresnoar\/wp-content\/uploads\/2015\/05\/Flyer-Med-das-Rosas-Maio.jpg\" width=\"611\" height=\"864\" srcset=\"https:\/\/portalfloresnoar.com\/floresnoar\/wp-content\/uploads\/2015\/05\/Flyer-Med-das-Rosas-Maio.jpg 679w, https:\/\/portalfloresnoar.com\/floresnoar\/wp-content\/uploads\/2015\/05\/Flyer-Med-das-Rosas-Maio-212x300.jpg 212w\" sizes=\"(max-width: 611px) 100vw, 611px\" \/><\/p>\n<p>Nos dias 22 e 23 de maio o terapeuta Felipe Lapa facilita, no Luminaris, o\u00a0Curso de Medita\u00e7\u00e3o das Rosas, poderosa ferramenta de limpeza energ\u00e9tica e prote\u00e7\u00e3o da aura.<\/p>\n<p><strong>Mais informa\u00e7\u00f5es<\/strong><br \/>\n<strong>E-mail:<\/strong>\u00a0contato@fontesdeluz.com.br<br \/>\n<strong>Telefones:<\/strong>\u00a0(81) 9902.0991<br \/>\n<strong>Local:<\/strong>\u00a0Luminaris &#8211; Rua Jac\u00f3 Velosino, 103, Casa Forte, Recife\/PE<\/p>\n<p><a href=\"http:\/\/www.fontesdeluz.com.br\/\" target=\"_blank\">www.fontesdeluz.com.br<\/a><\/p>\n","protected":false},"excerpt":{"rendered":"<p>Nos dias 22 e 23 de maio o terapeuta Felipe Lapa facilita, no Luminaris, o\u00a0Curso de Medita\u00e7\u00e3o das Rosas, poderosa ferramenta de limpeza energ\u00e9tica e prote\u00e7\u00e3o da aura. Mais informa\u00e7\u00f5es E-mail:\u00a0contato@fontesdeluz.com.br Telefones:\u00a0(81) 9902.0991 Local:\u00a0Luminaris &#8211; Rua Jac\u00f3 Velosino, 103, Casa Forte, Recife\/PE www.fontesdeluz.com.br<\/p>\n","protected":false},"author":1,"featured_media":20894,"comment_status":"open","ping_status":"open","sticky":false,"template":"","format":"standard","meta":{"om_disable_all_campaigns":false,"_monsterinsights_skip_tracking":false,"_monsterinsights_sitenote_active":false,"_monsterinsights_sitenote_note":"","_monsterinsights_sitenote_category":0,"footnotes":""},"categories":[8,214],"tags":[246],"acf":[],"publishpress_future_action":{"enabled":false,"date":"1969-12-31 21:00:00","action":"","terms":[],"taxonomy":"","browser_timezone_offset":0},"_links":{"self":[{"href":"https:\/\/portalfloresnoar.com\/floresnoar\/wp-json\/wp\/v2\/posts\/20892"}],"collection":[{"href":"https:\/\/portalfloresnoar.com\/floresnoar\/wp-json\/wp\/v2\/posts"}],"about":[{"href":"https:\/\/portalfloresnoar.com\/floresnoar\/wp-json\/wp\/v2\/types\/post"}],"author":[{"embeddable":true,"href":"https:\/\/portalfloresnoar.com\/floresnoar\/wp-json\/wp\/v2\/users\/1"}],"replies":[{"embeddable":true,"href":"https:\/\/portalfloresnoar.com\/floresnoar\/wp-json\/wp\/v2\/comments?post=20892"}],"version-history":[{"count":0,"href":"https:\/\/portalfloresnoar.com\/floresnoar\/wp-json\/wp\/v2\/posts\/20892\/revisions"}],"wp:featuredmedia":[{"embeddable":true,"href":"https:\/\/portalfloresnoar.com\/floresnoar\/wp-json\/wp\/v2\/media\/20894"}],"wp:attachment":[{"href":"https:\/\/portalfloresnoar.com\/floresnoar\/wp-json\/wp\/v2\/media?parent=20892"}],"wp:term":[{"taxonomy":"category","embeddable":true,"href":"https:\/\/portalfloresnoar.com\/floresnoar\/wp-json\/wp\/v2\/categories?post=20892"},{"taxonomy":"post_tag","embeddable":true,"href":"https:\/\/portalfloresnoar.com\/floresnoar\/wp-json\/wp\/v2\/tags?post=20892"}],"curies":[{"name":"wp","href":"https:\/\/api.w.org\/{rel}","templated":true}]}}