

{"id":20847,"date":"2015-04-11T09:02:05","date_gmt":"2015-04-11T12:02:05","guid":{"rendered":"http:\/\/portalfloresnoar.com\/floresnoar\/?p=20847"},"modified":"2015-05-14T11:22:42","modified_gmt":"2015-05-14T14:22:42","slug":"espaco-familia-promove-roda-de-partilha-dia-135-o-encontro-e-gratuito","status":"publish","type":"post","link":"https:\/\/portalfloresnoar.com\/floresnoar\/espaco-familia-promove-roda-de-partilha-dia-135-o-encontro-e-gratuito\/","title":{"rendered":"Espa\u00e7o Fam\u00edlia promove Roda de Partilha dia 13\/5. O encontro \u00e9 gratuito!"},"content":{"rendered":"<p><img decoding=\"async\" loading=\"lazy\" class=\"aligncenter size-full wp-image-20848\" alt=\"OLYMPUS DIGITAL CAMERA\" src=\"http:\/\/portalfloresnoar.com\/floresnoar\/wp-content\/uploads\/2015\/05\/espa\u00e7o-familia-roda-de-partilha.jpg\" width=\"640\" height=\"349\" srcset=\"https:\/\/portalfloresnoar.com\/floresnoar\/wp-content\/uploads\/2015\/05\/espa\u00e7o-familia-roda-de-partilha.jpg 640w, https:\/\/portalfloresnoar.com\/floresnoar\/wp-content\/uploads\/2015\/05\/espa\u00e7o-familia-roda-de-partilha-300x163.jpg 300w\" sizes=\"(max-width: 640px) 100vw, 640px\" \/><br \/>\nO Espa\u00e7o Fam\u00edlia promove uma Roda de Partilha no dia 13 de maio,\u00e0s 19h30, para partilha de sentimentos e supera\u00e7\u00f5es, desabafos, autocuidado e sa\u00fade e qualidade de vida, com acolhimento, solidariedade e alegria. No encontro ser\u00e1 utilizada a metodologia da Terapia Comunit\u00e1ria Integrativa, TCI, reconhecida pelo Minist\u00e9rio da Sa\u00fade como um pr\u00e1tica integrativa complementar. A Roda de Partilha acontece toda segunda quarta-feira do m\u00eas,sempre \u00e0s 19h30. A participa\u00e7\u00e3o \u00e9 gratuita!<\/p>\n<p>Ser\u00e1 bem-vinda a doa\u00e7\u00e3o de 01k de alimento \u2013 leite em p\u00f3, a\u00e7\u00facar, arroz, feij\u00e3o \u2013 para doa\u00e7\u00e3o a entidades beneficentes apoiadas pelo Espa\u00e7o Fam\u00edlia.<\/p>\n<p>SERVI\u00c7O<br \/>\nDia: 13 de maio de 2015<br \/>\nHora: 19h30\u00e0s 21h<br \/>\nLocal: Rua Capit\u00e3o Aur\u00e9lio de Ara\u00fajo, 161 \u2013 Iputinga (1\u00aa rua \u00e0 direita ap\u00f3s o Supermerdado Extra, Av. Caxang\u00e1 2.900, em dire\u00e7\u00e3o \u00e0 Varzea)<\/p>\n<p>Confirme a presen\u00e7a atrav\u00e9s dos telefones: 9152-3520 Claro \/ 8146-7424 Vivo \/ 9902-9291 Tim \/ 8518-4793 Oi<\/p>\n","protected":false},"excerpt":{"rendered":"<p>O Espa\u00e7o Fam\u00edlia promove uma Roda de Partilha no dia 13 de maio,\u00e0s 19h30, para partilha de sentimentos e supera\u00e7\u00f5es, desabafos, autocuidado e sa\u00fade e qualidade de vida, com acolhimento, solidariedade e alegria. No encontro ser\u00e1 utilizada a metodologia da Terapia Comunit\u00e1ria Integrativa, TCI, reconhecida pelo Minist\u00e9rio da Sa\u00fade como um pr\u00e1tica integrativa complementar. A [&hellip;]<\/p>\n","protected":false},"author":1,"featured_media":20848,"comment_status":"open","ping_status":"open","sticky":false,"template":"","format":"standard","meta":{"om_disable_all_campaigns":false,"_monsterinsights_skip_tracking":false,"_monsterinsights_sitenote_active":false,"_monsterinsights_sitenote_note":"","_monsterinsights_sitenote_category":0,"footnotes":""},"categories":[8,214],"tags":[138],"acf":[],"publishpress_future_action":{"enabled":false,"date":"1969-12-31 21:00:00","action":"","terms":[],"taxonomy":"","browser_timezone_offset":0},"_links":{"self":[{"href":"https:\/\/portalfloresnoar.com\/floresnoar\/wp-json\/wp\/v2\/posts\/20847"}],"collection":[{"href":"https:\/\/portalfloresnoar.com\/floresnoar\/wp-json\/wp\/v2\/posts"}],"about":[{"href":"https:\/\/portalfloresnoar.com\/floresnoar\/wp-json\/wp\/v2\/types\/post"}],"author":[{"embeddable":true,"href":"https:\/\/portalfloresnoar.com\/floresnoar\/wp-json\/wp\/v2\/users\/1"}],"replies":[{"embeddable":true,"href":"https:\/\/portalfloresnoar.com\/floresnoar\/wp-json\/wp\/v2\/comments?post=20847"}],"version-history":[{"count":0,"href":"https:\/\/portalfloresnoar.com\/floresnoar\/wp-json\/wp\/v2\/posts\/20847\/revisions"}],"wp:featuredmedia":[{"embeddable":true,"href":"https:\/\/portalfloresnoar.com\/floresnoar\/wp-json\/wp\/v2\/media\/20848"}],"wp:attachment":[{"href":"https:\/\/portalfloresnoar.com\/floresnoar\/wp-json\/wp\/v2\/media?parent=20847"}],"wp:term":[{"taxonomy":"category","embeddable":true,"href":"https:\/\/portalfloresnoar.com\/floresnoar\/wp-json\/wp\/v2\/categories?post=20847"},{"taxonomy":"post_tag","embeddable":true,"href":"https:\/\/portalfloresnoar.com\/floresnoar\/wp-json\/wp\/v2\/tags?post=20847"}],"curies":[{"name":"wp","href":"https:\/\/api.w.org\/{rel}","templated":true}]}}