

{"id":20792,"date":"2015-05-05T07:33:11","date_gmt":"2015-05-05T10:33:11","guid":{"rendered":"http:\/\/portalfloresnoar.com\/floresnoar\/?p=20792"},"modified":"2015-05-05T07:33:11","modified_gmt":"2015-05-05T10:33:11","slug":"pratica-ilicita-de-motocross-ameaca-parque-estadual-duas-lagoas-itapoamape","status":"publish","type":"post","link":"https:\/\/portalfloresnoar.com\/floresnoar\/pratica-ilicita-de-motocross-ameaca-parque-estadual-duas-lagoas-itapoamape\/","title":{"rendered":"Pr\u00e1tica il\u00edcita de motocross amea\u00e7a Parque Estadual Duas Lagoas (Itapoama\/PE)"},"content":{"rendered":"<p>O Parque Estadual Duas Lagoas, pr\u00f3ximo \u00e0 Praia de Itapoama, no Cabo de Santo Agostinho, vem sendo amea\u00e7ado pela pr\u00e1tica il\u00edcita de atividade de turismo de aventura realizado por trilheiros de motocross. Segundo denunciantes, membros do Conselho Gestor do Parque, a ong Associa\u00e7\u00e3o do Patrim\u00f4nio Ambiental da Mata das Duas Lagoas (APAMDL), a pr\u00e1tica ocorre indiscriminadamente em qualquer dia da semana, com intensifica\u00e7\u00e3o nos fins de semana. <\/p>\n<p>Segundo a den\u00fancia, protocolada junto \u00e0 CPRH, os motoqueiros at\u00e9 j\u00e1 sinalizaram com placas e por conta pr\u00f3pria, a trilha aberta, e dizem estar documentados para a realiza\u00e7\u00e3o de evento anual na \u00e1rea. A trilha dos motoqueiros de Cross come\u00e7a nos limites do munic\u00edpio e corta grande parte do litoral, incluindo o Parque Estadual Duas Lagoas, uma das 83 Unidades de Conserva\u00e7\u00e3o de Pernambuco. A Unidade de Conserva\u00e7\u00e3o Mata das Duas Lagoas foi criada pela lei estadual 13.787\/09, de 08 de junho de 2009, que instituiu o Sistema Estadual de Unidades de Conserva\u00e7\u00e3o da Natureza- SEUC de Pernambuco.<\/p>\n","protected":false},"excerpt":{"rendered":"<p>O Parque Estadual Duas Lagoas, pr\u00f3ximo \u00e0 Praia de Itapoama, no Cabo de Santo Agostinho, vem sendo amea\u00e7ado pela pr\u00e1tica il\u00edcita de atividade de turismo de aventura realizado por trilheiros de motocross. Segundo denunciantes, membros do Conselho Gestor do Parque, a ong Associa\u00e7\u00e3o do Patrim\u00f4nio Ambiental da Mata das Duas Lagoas (APAMDL), a pr\u00e1tica ocorre [&hellip;]<\/p>\n","protected":false},"author":1,"featured_media":20793,"comment_status":"open","ping_status":"open","sticky":false,"template":"","format":"standard","meta":{"om_disable_all_campaigns":false,"_monsterinsights_skip_tracking":false,"_monsterinsights_sitenote_active":false,"_monsterinsights_sitenote_note":"","_monsterinsights_sitenote_category":0,"footnotes":""},"categories":[9],"tags":[26,247],"acf":[],"publishpress_future_action":{"enabled":false,"date":"1969-12-31 21:00:00","action":"","terms":[],"taxonomy":"","browser_timezone_offset":0},"_links":{"self":[{"href":"https:\/\/portalfloresnoar.com\/floresnoar\/wp-json\/wp\/v2\/posts\/20792"}],"collection":[{"href":"https:\/\/portalfloresnoar.com\/floresnoar\/wp-json\/wp\/v2\/posts"}],"about":[{"href":"https:\/\/portalfloresnoar.com\/floresnoar\/wp-json\/wp\/v2\/types\/post"}],"author":[{"embeddable":true,"href":"https:\/\/portalfloresnoar.com\/floresnoar\/wp-json\/wp\/v2\/users\/1"}],"replies":[{"embeddable":true,"href":"https:\/\/portalfloresnoar.com\/floresnoar\/wp-json\/wp\/v2\/comments?post=20792"}],"version-history":[{"count":0,"href":"https:\/\/portalfloresnoar.com\/floresnoar\/wp-json\/wp\/v2\/posts\/20792\/revisions"}],"wp:featuredmedia":[{"embeddable":true,"href":"https:\/\/portalfloresnoar.com\/floresnoar\/wp-json\/wp\/v2\/media\/20793"}],"wp:attachment":[{"href":"https:\/\/portalfloresnoar.com\/floresnoar\/wp-json\/wp\/v2\/media?parent=20792"}],"wp:term":[{"taxonomy":"category","embeddable":true,"href":"https:\/\/portalfloresnoar.com\/floresnoar\/wp-json\/wp\/v2\/categories?post=20792"},{"taxonomy":"post_tag","embeddable":true,"href":"https:\/\/portalfloresnoar.com\/floresnoar\/wp-json\/wp\/v2\/tags?post=20792"}],"curies":[{"name":"wp","href":"https:\/\/api.w.org\/{rel}","templated":true}]}}