

{"id":20669,"date":"2015-04-15T10:28:54","date_gmt":"2015-04-15T13:28:54","guid":{"rendered":"http:\/\/portalfloresnoar.com\/floresnoar\/?p=20669"},"modified":"2015-05-31T09:09:53","modified_gmt":"2015-05-31T12:09:53","slug":"minicursos-com-lama-padma-samten-no-recife","status":"publish","type":"post","link":"https:\/\/portalfloresnoar.com\/floresnoar\/minicursos-com-lama-padma-samten-no-recife\/","title":{"rendered":"Minicursos com Lama Padma Samten no Recife"},"content":{"rendered":"<p><img decoding=\"async\" loading=\"lazy\" class=\"aligncenter size-full wp-image-20670\" alt=\"lama padma samten\" src=\"http:\/\/portalfloresnoar.com\/floresnoar\/wp-content\/uploads\/2015\/04\/lama-padma-samten.jpg\" width=\"624\" height=\"325\" srcset=\"https:\/\/portalfloresnoar.com\/floresnoar\/wp-content\/uploads\/2015\/04\/lama-padma-samten.jpg 624w, https:\/\/portalfloresnoar.com\/floresnoar\/wp-content\/uploads\/2015\/04\/lama-padma-samten-300x156.jpg 300w\" sizes=\"(max-width: 624px) 100vw, 624px\" \/><\/p>\n<p>O Lama Padma Samten realiza no Recife, nos dias 30 e 31 de maio, dois encontros, abordando em cada dia um tema espec\u00edfico.<\/p>\n<p>S\u00c1BADO (30\/5\/2015)<br \/>\n<strong>Compaix\u00e3o e Sabedoria: como ajudar as pessoas no cotidiano?<\/strong><\/p>\n<p>O caminho da sabedoria \u00e9 o processo de familiariza\u00e7\u00e3o com a dimens\u00e3o mais profunda de n\u00f3s mesmos. No entanto, sentimos, inevitavelmente, o desejo de compartilhar as vis\u00f5es mais amplas para as nossas pessoas queridas, nosso trabalho,nossos amigos\u2026 A\u00ed se inicia o caminho do cora\u00e7\u00e3o que espalha, com habilidade, a sabedoria onde quer que as pessoas estejam.<\/p>\n<p>DOMINGO (31\/5\/2015)<br \/>\n<strong>Conselhos do cora\u00e7\u00e3o para a pr\u00e1tica no cotidiano<\/strong><\/p>\n<p>Os conselhos do cora\u00e7\u00e3o s\u00e3o instru\u00e7\u00f5es diretas para a estabiliza\u00e7\u00e3o da pr\u00e1tica e o avan\u00e7o na capacidade de ajudar a si mesmo e aos outros. As instru\u00e7\u00f5es tem como objetivo nos alcan\u00e7ar onde estamos \u2013 o exato ch\u00e3o onde nossos p\u00e9s est\u00e3o \u2013 para desencadear a\u00ed as transforma\u00e7\u00f5es que precisamos fazer: reconhecer e manifestar o nosso pleno potencial, em todas as \u00e1reas da nossa vida.<\/p>\n<div>\n<p><strong>Hor\u00e1rio dos encontros<\/strong><br \/>\n9h \u2013 12h \u2013 Ensinamentos com o Lama<br \/>\n14h \u2013 17h \u2013 Ensinamentos com o Lama<\/p>\n<p><strong>Local:<\/strong> Libertas Apipucos &#8211;\u00a0Rua Israel Lima de Oliveira Castro, 245 \u2013 Macaxeira \u2013 Recife \u2013 PE<\/p>\n<p><strong>Contribui\u00e7\u00e3o sugerida por minicurso:<\/strong> \u00a0R$ 120,00 (cada dia)**<\/p>\n<p><em>**As contribui\u00e7\u00f5es s\u00e3o a \u00fanica fonte para manter e cobrir as despesas dos Centros de Darma, assim como a divulga\u00e7\u00e3o dos ensinamentos e a organiza\u00e7\u00e3o de palestras e encontros. Por outro lado, elas s\u00e3o apenas sugeridas e n\u00e3o obrigat\u00f3rias, pois esperamos que as pessoas n\u00e3o encontrem nisso um obst\u00e1culo para sua participa\u00e7\u00e3o. Ao contribuir, voc\u00ea estar\u00e1 apoiando as movimenta\u00e7\u00f5es do Lama Padma Samten e do CEBB. Qualquer dificuldade, entrar em contato conosco.<\/em><\/p>\n<p><strong>Inscri\u00e7\u00f5es<\/strong><br \/>\n<span style=\"text-decoration: underline;\"><a href=\"https:\/\/docs.google.com\/forms\/d\/1BNRnVH05ZaSHOhQ5DCR8NiQXRIF85k4l5cSPlEO0jn8\/viewform?usp=send_form\" target=\"_blank\">Fa\u00e7a sua inscri\u00e7\u00e3o online!<\/a><\/span><\/p>\n<p><strong>Mais informa\u00e7\u00f5es<\/strong><br \/>\nrecife@cebb.org.br | <a href=\"http:\/\/www.facebook.com\/cebbrecife\" target=\"_blank\">facebook.com\/cebbrecife<\/a><\/p>\n<p>Flori \u2013 8879-7744 (Oi)<br \/>\nJo\u00e3o Vale \u2013 9737-1415 (Tim)<br \/>\nRoberto \u2013 9654-5716 (Tim)<br \/>\nVin\u00edcius \u2013 9215-4600 (Claro)<\/p>\n<p>&nbsp;<\/p>\n<\/div>\n","protected":false},"excerpt":{"rendered":"<p>O Lama Padma Samten realiza no Recife, nos dias 30 e 31 de maio, dois encontros, abordando em cada dia um tema espec\u00edfico. S\u00c1BADO (30\/5\/2015) Compaix\u00e3o e Sabedoria: como ajudar as pessoas no cotidiano? O caminho da sabedoria \u00e9 o processo de familiariza\u00e7\u00e3o com a dimens\u00e3o mais profunda de n\u00f3s mesmos. No entanto, sentimos, inevitavelmente, [&hellip;]<\/p>\n","protected":false},"author":1,"featured_media":20670,"comment_status":"open","ping_status":"open","sticky":false,"template":"","format":"standard","meta":{"om_disable_all_campaigns":false,"_monsterinsights_skip_tracking":false,"_monsterinsights_sitenote_active":false,"_monsterinsights_sitenote_note":"","_monsterinsights_sitenote_category":0,"footnotes":""},"categories":[8,214],"tags":[30],"acf":[],"publishpress_future_action":{"enabled":false,"date":"1969-12-31 21:00:00","action":"","terms":[],"taxonomy":"","browser_timezone_offset":0},"_links":{"self":[{"href":"https:\/\/portalfloresnoar.com\/floresnoar\/wp-json\/wp\/v2\/posts\/20669"}],"collection":[{"href":"https:\/\/portalfloresnoar.com\/floresnoar\/wp-json\/wp\/v2\/posts"}],"about":[{"href":"https:\/\/portalfloresnoar.com\/floresnoar\/wp-json\/wp\/v2\/types\/post"}],"author":[{"embeddable":true,"href":"https:\/\/portalfloresnoar.com\/floresnoar\/wp-json\/wp\/v2\/users\/1"}],"replies":[{"embeddable":true,"href":"https:\/\/portalfloresnoar.com\/floresnoar\/wp-json\/wp\/v2\/comments?post=20669"}],"version-history":[{"count":0,"href":"https:\/\/portalfloresnoar.com\/floresnoar\/wp-json\/wp\/v2\/posts\/20669\/revisions"}],"wp:featuredmedia":[{"embeddable":true,"href":"https:\/\/portalfloresnoar.com\/floresnoar\/wp-json\/wp\/v2\/media\/20670"}],"wp:attachment":[{"href":"https:\/\/portalfloresnoar.com\/floresnoar\/wp-json\/wp\/v2\/media?parent=20669"}],"wp:term":[{"taxonomy":"category","embeddable":true,"href":"https:\/\/portalfloresnoar.com\/floresnoar\/wp-json\/wp\/v2\/categories?post=20669"},{"taxonomy":"post_tag","embeddable":true,"href":"https:\/\/portalfloresnoar.com\/floresnoar\/wp-json\/wp\/v2\/tags?post=20669"}],"curies":[{"name":"wp","href":"https:\/\/api.w.org\/{rel}","templated":true}]}}