

{"id":20652,"date":"2015-03-23T10:17:45","date_gmt":"2015-03-23T13:17:45","guid":{"rendered":"http:\/\/portalfloresnoar.com\/floresnoar\/?p=20652"},"modified":"2015-04-30T10:13:31","modified_gmt":"2015-04-30T13:13:31","slug":"aula-inaugural-do-curso-o-multiverso-mitico-com-haroldo-barros","status":"publish","type":"post","link":"https:\/\/portalfloresnoar.com\/floresnoar\/aula-inaugural-do-curso-o-multiverso-mitico-com-haroldo-barros\/","title":{"rendered":"Aula inaugural do curso &#8216;O Multiverso M\u00edtico&#8217;, com Haroldo Barros, dia 27\/4"},"content":{"rendered":"<p><img decoding=\"async\" loading=\"lazy\" class=\"aligncenter size-full wp-image-20653\" alt=\"multiuniverso m\u00edtico\" src=\"http:\/\/portalfloresnoar.com\/floresnoar\/wp-content\/uploads\/2015\/04\/multiuniverso-m\u00edtico.png\" width=\"538\" height=\"258\" srcset=\"https:\/\/portalfloresnoar.com\/floresnoar\/wp-content\/uploads\/2015\/04\/multiuniverso-m\u00edtico.png 538w, https:\/\/portalfloresnoar.com\/floresnoar\/wp-content\/uploads\/2015\/04\/multiuniverso-m\u00edtico-300x143.png 300w\" sizes=\"(max-width: 538px) 100vw, 538px\" \/><\/p>\n<p>O astr\u00f3logo Haroldo Barros realiza na pr\u00f3xima segunda-feira, dia 27\/4, \u00e0s 19h30, no Audit\u00f3rio do Museu da Cidade do Recife (Forte das Cinco Pontas), a aula inaugural do curso &#8216;O Multiverso M\u00edtico &#8211; A Ess\u00eancia da Mitologia Grega&#8217;. Este primeiro encontro \u00e9 aberto ao p\u00fablico!<\/p>\n<p>&#8220;O Multiverso M\u00edtico&#8217; \u00e9 um curso de Mitologia que pretende resgatar a capacidade humana de se encantar com o Simb\u00f3lico&#8221;, declara Barros. O Curso se estender\u00e1 por 16 segundas-feiras, totalizando quarenta horas-aula.<\/p>\n<p>Para maiores informa\u00e7\u00f5es e para assistir aos v\u00eddeos exclusivos sobre Mitologia Grega, acesse a p\u00e1gina no Facebook:<br \/>\n<a href=\"http:\/\/www.facebook.com\/multiversomitico\" target=\"_blank\">www.facebook.com\/multiversomitico<\/a><\/p>\n<p><strong>Curso &#8216;O Multiverso M\u00edtico&#8217;, com Haroldo Barros<\/strong><br \/>\n<strong>Aula inaugural:<\/strong> 27.04.2015 (segunda-feira), \u00e0s 19h30<br \/>\n<strong>Local:<\/strong> Museu da Cidade do Recife (Forte das Cinco Pontas) &#8211; Pra\u00e7a das Cinco Pontas, sem n\u00famero, Bairro de S\u00e3o Jos\u00e9,Recife\/PE<\/p>\n<p>&nbsp;<\/p>\n","protected":false},"excerpt":{"rendered":"<p>O astr\u00f3logo Haroldo Barros realiza na pr\u00f3xima segunda-feira, dia 27\/4, \u00e0s 19h30, no Audit\u00f3rio do Museu da Cidade do Recife (Forte das Cinco Pontas), a aula inaugural do curso &#8216;O Multiverso M\u00edtico &#8211; A Ess\u00eancia da Mitologia Grega&#8217;. Este primeiro encontro \u00e9 aberto ao p\u00fablico! &#8220;O Multiverso M\u00edtico&#8217; \u00e9 um curso de Mitologia que pretende [&hellip;]<\/p>\n","protected":false},"author":1,"featured_media":20654,"comment_status":"open","ping_status":"open","sticky":false,"template":"","format":"standard","meta":{"om_disable_all_campaigns":false,"_monsterinsights_skip_tracking":false,"_monsterinsights_sitenote_active":false,"_monsterinsights_sitenote_note":"","_monsterinsights_sitenote_category":0,"footnotes":""},"categories":[8,214],"tags":[18,76],"acf":[],"publishpress_future_action":{"enabled":false,"date":"1969-12-31 21:00:00","action":"","terms":[],"taxonomy":"","browser_timezone_offset":0},"_links":{"self":[{"href":"https:\/\/portalfloresnoar.com\/floresnoar\/wp-json\/wp\/v2\/posts\/20652"}],"collection":[{"href":"https:\/\/portalfloresnoar.com\/floresnoar\/wp-json\/wp\/v2\/posts"}],"about":[{"href":"https:\/\/portalfloresnoar.com\/floresnoar\/wp-json\/wp\/v2\/types\/post"}],"author":[{"embeddable":true,"href":"https:\/\/portalfloresnoar.com\/floresnoar\/wp-json\/wp\/v2\/users\/1"}],"replies":[{"embeddable":true,"href":"https:\/\/portalfloresnoar.com\/floresnoar\/wp-json\/wp\/v2\/comments?post=20652"}],"version-history":[{"count":0,"href":"https:\/\/portalfloresnoar.com\/floresnoar\/wp-json\/wp\/v2\/posts\/20652\/revisions"}],"wp:featuredmedia":[{"embeddable":true,"href":"https:\/\/portalfloresnoar.com\/floresnoar\/wp-json\/wp\/v2\/media\/20654"}],"wp:attachment":[{"href":"https:\/\/portalfloresnoar.com\/floresnoar\/wp-json\/wp\/v2\/media?parent=20652"}],"wp:term":[{"taxonomy":"category","embeddable":true,"href":"https:\/\/portalfloresnoar.com\/floresnoar\/wp-json\/wp\/v2\/categories?post=20652"},{"taxonomy":"post_tag","embeddable":true,"href":"https:\/\/portalfloresnoar.com\/floresnoar\/wp-json\/wp\/v2\/tags?post=20652"}],"curies":[{"name":"wp","href":"https:\/\/api.w.org\/{rel}","templated":true}]}}