

{"id":20569,"date":"2015-04-17T10:52:21","date_gmt":"2015-04-17T13:52:21","guid":{"rendered":"http:\/\/portalfloresnoar.com\/floresnoar\/?p=20569"},"modified":"2015-04-17T10:52:21","modified_gmt":"2015-04-17T13:52:21","slug":"palestra-gratuita-sobre-leitura-de-aura-e-meditacao-das-rosas-dia-294-no-espaco-gerar","status":"publish","type":"post","link":"https:\/\/portalfloresnoar.com\/floresnoar\/palestra-gratuita-sobre-leitura-de-aura-e-meditacao-das-rosas-dia-294-no-espaco-gerar\/","title":{"rendered":"Palestra gratuita sobre Leitura de Aura e Medita\u00e7\u00e3o das Rosas, dia 29\/4, no Espa\u00e7o Gerar"},"content":{"rendered":"<p><img decoding=\"async\" loading=\"lazy\" class=\"aligncenter size-full wp-image-20570\" alt=\"palestra\" src=\"http:\/\/portalfloresnoar.com\/floresnoar\/wp-content\/uploads\/2015\/04\/palestra.jpg\" width=\"596\" height=\"835\" srcset=\"https:\/\/portalfloresnoar.com\/floresnoar\/wp-content\/uploads\/2015\/04\/palestra.jpg 596w, https:\/\/portalfloresnoar.com\/floresnoar\/wp-content\/uploads\/2015\/04\/palestra-214x300.jpg 214w\" sizes=\"(max-width: 596px) 100vw, 596px\" \/><\/p>\n<p>O terapeuta Felipe Lapa realiza no dia 29 de abril (quarta-feira), das 19h \u00e0s 22h, palestra gratuita sobre \u2018Leitura de Aura, Medita\u00e7\u00e3o das Rosas e Roda do Beija-Flor\u2032. O encontro \u00e9 gratuito e acontece no Espa\u00e7o Gerar, em Casa Forte.<\/p>\n<p><strong>Mais informa\u00e7\u00f5es<\/strong><br \/>\n<strong>E-mail:<\/strong>\u00a0contato@fontesdeluz.com.br<br \/>\n<strong>Telefones:<\/strong>\u00a0(81) 3268-1749\/8722.6801 (Oi)\/ 9543.8345(Tim)<br \/>\n<strong>Local:<\/strong>\u00a0Espa\u00e7o Gerar, Rua Jorge de Albuquerque, 103, Casa Forte, Recife-PE<\/p>\n<p><a href=\"http:\/\/www.fontesdeluz.com.br\/\" target=\"_blank\">www.fontesdeluz.com.br<\/a><\/p>\n","protected":false},"excerpt":{"rendered":"<p>O terapeuta Felipe Lapa realiza no dia 29 de abril (quarta-feira), das 19h \u00e0s 22h, palestra gratuita sobre \u2018Leitura de Aura, Medita\u00e7\u00e3o das Rosas e Roda do Beija-Flor\u2032. O encontro \u00e9 gratuito e acontece no Espa\u00e7o Gerar, em Casa Forte. Mais informa\u00e7\u00f5es E-mail:\u00a0contato@fontesdeluz.com.br Telefones:\u00a0(81) 3268-1749\/8722.6801 (Oi)\/ 9543.8345(Tim) Local:\u00a0Espa\u00e7o Gerar, Rua Jorge de Albuquerque, 103, Casa [&hellip;]<\/p>\n","protected":false},"author":1,"featured_media":19718,"comment_status":"open","ping_status":"open","sticky":false,"template":"","format":"standard","meta":{"om_disable_all_campaigns":false,"_monsterinsights_skip_tracking":false,"_monsterinsights_sitenote_active":false,"_monsterinsights_sitenote_note":"","_monsterinsights_sitenote_category":0,"footnotes":""},"categories":[8,214],"tags":[246],"acf":[],"publishpress_future_action":{"enabled":false,"date":"1969-12-31 21:00:00","action":"","terms":[],"taxonomy":"","browser_timezone_offset":0},"_links":{"self":[{"href":"https:\/\/portalfloresnoar.com\/floresnoar\/wp-json\/wp\/v2\/posts\/20569"}],"collection":[{"href":"https:\/\/portalfloresnoar.com\/floresnoar\/wp-json\/wp\/v2\/posts"}],"about":[{"href":"https:\/\/portalfloresnoar.com\/floresnoar\/wp-json\/wp\/v2\/types\/post"}],"author":[{"embeddable":true,"href":"https:\/\/portalfloresnoar.com\/floresnoar\/wp-json\/wp\/v2\/users\/1"}],"replies":[{"embeddable":true,"href":"https:\/\/portalfloresnoar.com\/floresnoar\/wp-json\/wp\/v2\/comments?post=20569"}],"version-history":[{"count":0,"href":"https:\/\/portalfloresnoar.com\/floresnoar\/wp-json\/wp\/v2\/posts\/20569\/revisions"}],"wp:featuredmedia":[{"embeddable":true,"href":"https:\/\/portalfloresnoar.com\/floresnoar\/wp-json\/wp\/v2\/media\/19718"}],"wp:attachment":[{"href":"https:\/\/portalfloresnoar.com\/floresnoar\/wp-json\/wp\/v2\/media?parent=20569"}],"wp:term":[{"taxonomy":"category","embeddable":true,"href":"https:\/\/portalfloresnoar.com\/floresnoar\/wp-json\/wp\/v2\/categories?post=20569"},{"taxonomy":"post_tag","embeddable":true,"href":"https:\/\/portalfloresnoar.com\/floresnoar\/wp-json\/wp\/v2\/tags?post=20569"}],"curies":[{"name":"wp","href":"https:\/\/api.w.org\/{rel}","templated":true}]}}