

{"id":20547,"date":"2015-04-15T17:08:09","date_gmt":"2015-04-15T20:08:09","guid":{"rendered":"http:\/\/portalfloresnoar.com\/floresnoar\/?p=20547"},"modified":"2015-04-26T09:31:39","modified_gmt":"2015-04-26T12:31:39","slug":"encontros-tematicos-com-leitura-de-aura-no-recanto-do-ser","status":"publish","type":"post","link":"https:\/\/portalfloresnoar.com\/floresnoar\/encontros-tematicos-com-leitura-de-aura-no-recanto-do-ser\/","title":{"rendered":"Encontros Tem\u00e1ticos com Leitura de Aura no Recanto do Ser"},"content":{"rendered":"<p><img decoding=\"async\" loading=\"lazy\" class=\"aligncenter size-full wp-image-20548\" alt=\"leitura de aura recanto do ser\" src=\"http:\/\/portalfloresnoar.com\/floresnoar\/wp-content\/uploads\/2015\/04\/leitura-de-aura-recanto-do-ser.jpg\" width=\"626\" height=\"885\" srcset=\"https:\/\/portalfloresnoar.com\/floresnoar\/wp-content\/uploads\/2015\/04\/leitura-de-aura-recanto-do-ser.jpg 626w, https:\/\/portalfloresnoar.com\/floresnoar\/wp-content\/uploads\/2015\/04\/leitura-de-aura-recanto-do-ser-212x300.jpg 212w\" sizes=\"(max-width: 626px) 100vw, 626px\" \/><\/p>\n<p>O Espa\u00e7o Recanto do Ser promove, a partir do dia 25 de abril,\u00a0Encontros Tem\u00e1ticos com Leitura de Aura,possibilitando que o participante olhe\u00a0para dentro de si mesmo e observe a maneira como se relaciona com esses temas em sua vida, tendo ainda a possibilidade de conhecer a Leitura de Aura, ao participar de uma Roda do Beija-Flor (Leitura de Aura em grupo), \u00a0na qual receber\u00e1 uma mensagem que trar\u00e1 mais clareza e consci\u00eancia para o seu caminhar.<\/p>\n<p>Os interessados podem participar de cada encontro separadamente de acordo com o tema de seu interesse. Saiba mais sobre os Encontros abaixo e no site:\u00a0Saiba mais sobre os Encontros abaixo<b>\u00a0ou em nosso site\u00a0<a href=\"http:\/\/www.recantodoser.com.br\/\" target=\"_blank\">www.recantodoser.com.br<\/a><\/b><\/p>\n<p><strong>Um encontro com seu curador<\/strong><br \/>\n<strong>Dia 25\/04\/2015 \u2013 09 \u00e0s 12h<\/strong><br \/>\n<strong> Facilitadora:<\/strong> L\u00edvia Pedrosa<br \/>\nEste encontro \u00e9 destinado para todos aqueles que escolheram trabalhar com cura, seja no n\u00edvel f\u00edsico, mental e\/ou espiritual. Seja voc\u00ea estudante, m\u00e9dico, enfermeiro, reikiano, psic\u00f3logo, terapeuta, etc. Se voc\u00ea escolheu atuar no mundo facilitando a cura das pessoas, naturalmente in\u00fameros desafios surgem no seu dia-a-dia. Participar deste encontro \u00e9 uma oportunidade de parar um pouco, olhar para si, refletir sobre suas escolhas e ampliar a sua consci\u00eancia sobre sua rela\u00e7\u00e3o com o seu curador.<\/p>\n<p><strong>O Despertar Criativo<\/strong><br \/>\n<strong>Dia 25\/04\/2015 \u2013 14 \u00e0s 17h<\/strong><br \/>\n<strong> Facilitadora:<\/strong> Karla Gon\u00e7alves<br \/>\nA criatividade \u00e9 a ferramenta de express\u00e3o que temos para mostrar quem somos ao mundo. Podemos, a partir dela, afinar as nossas buscas com a nossa realidade. Para isso, temos que aprender a sintonizar com nosso lado intuitivo, com nossos sonhos. Para o despertar criativo, Karla Gon\u00e7alves prop\u00f5e uma viv\u00eancia que se baseia no uso de uma t\u00e9cnica que auxilia a percep\u00e7\u00e3o daquilo que queremos manifestar, aliada a uma pr\u00e1tica que visa abrir espa\u00e7o para o poder criativo de cada um.<\/p>\n<p><strong>Os Relacionamentos afetivos<\/strong><br \/>\n<strong>Dia 01\/05\/2015 \u2013 19 \u00e0s 22h<\/strong><br \/>\n<strong>Facilitadores:<\/strong> Guilherme Assun\u00e7\u00e3o e Isabel Assun\u00e7\u00e3o<br \/>\nOs relacionamentos afetivos s\u00e3o uma dimens\u00e3o muito importante na vida da maior parte das pessoas. Ao mesmo tempo em que podem ser fontes de alegria, prazer, realiza\u00e7\u00f5es, sonhos e expectativas, etc. dependendo da situa\u00e7\u00e3o, tamb\u00e9m podem trazer muitos desafios, decep\u00e7\u00f5es, tristezas e m\u00e1goas para as nossas vidas. Este encontro \u00e9 uma oportunidade para olharmos para dentro de n\u00f3s mesmos e refletirmos sobre como nos relacionamos com esta dimens\u00e3o dos \u201crelacionamentos afetivos\u201d.<\/p>\n<p><strong>O que fazemos com as nossas emo\u00e7\u00f5es?<\/strong><br \/>\nDia 02\/05\/2015 \u2013 14 \u00e0s 17h<br \/>\nFacilitador: Guilherme Assun\u00e7\u00e3o<br \/>\nNeste encontro vamos trabalhar como lidamos com as nossas emo\u00e7\u00f5es, observando como a nossa hist\u00f3ria de vida, nossa educa\u00e7\u00e3o, padr\u00f5es de comportamento e valores estabelecidos socialmente influenciam no quanto nos permitimos entrar em contato com as nossas emo\u00e7\u00f5es. A partir de uma maior clareza sobre elas, podemos assumir a responsabilidade por n\u00f3s mesmos e escolher o que queremos manter ou n\u00e3o nas nossas vidas para sermos verdadeiramente felizes.<\/p>\n<p><strong>MAIS INFORMA\u00c7\u00d5ES<\/strong><br \/>\n<strong>Recanto do Ser<\/strong> &#8211; Rua Costa Pinto n\u00ba 119, Encruzilhada, Recife\/PE<br \/>\n<strong>Fones<\/strong>: (81) 9846-7151(Tim) \/ (81) 8660-7675 (Oi)<br \/>\n<strong>Valor<\/strong>: R$ 25,00 (por Encontro)<\/p>\n","protected":false},"excerpt":{"rendered":"<p>O Espa\u00e7o Recanto do Ser promove, a partir do dia 25 de abril,\u00a0Encontros Tem\u00e1ticos com Leitura de Aura,possibilitando que o participante olhe\u00a0para dentro de si mesmo e observe a maneira como se relaciona com esses temas em sua vida, tendo ainda a possibilidade de conhecer a Leitura de Aura, ao participar de uma Roda do [&hellip;]<\/p>\n","protected":false},"author":1,"featured_media":20549,"comment_status":"open","ping_status":"open","sticky":false,"template":"","format":"standard","meta":{"om_disable_all_campaigns":false,"_monsterinsights_skip_tracking":false,"_monsterinsights_sitenote_active":false,"_monsterinsights_sitenote_note":"","_monsterinsights_sitenote_category":0,"footnotes":""},"categories":[8,214],"tags":[246],"acf":[],"publishpress_future_action":{"enabled":false,"date":"1969-12-31 21:00:00","action":"","terms":[],"taxonomy":"","browser_timezone_offset":0},"_links":{"self":[{"href":"https:\/\/portalfloresnoar.com\/floresnoar\/wp-json\/wp\/v2\/posts\/20547"}],"collection":[{"href":"https:\/\/portalfloresnoar.com\/floresnoar\/wp-json\/wp\/v2\/posts"}],"about":[{"href":"https:\/\/portalfloresnoar.com\/floresnoar\/wp-json\/wp\/v2\/types\/post"}],"author":[{"embeddable":true,"href":"https:\/\/portalfloresnoar.com\/floresnoar\/wp-json\/wp\/v2\/users\/1"}],"replies":[{"embeddable":true,"href":"https:\/\/portalfloresnoar.com\/floresnoar\/wp-json\/wp\/v2\/comments?post=20547"}],"version-history":[{"count":0,"href":"https:\/\/portalfloresnoar.com\/floresnoar\/wp-json\/wp\/v2\/posts\/20547\/revisions"}],"wp:featuredmedia":[{"embeddable":true,"href":"https:\/\/portalfloresnoar.com\/floresnoar\/wp-json\/wp\/v2\/media\/20549"}],"wp:attachment":[{"href":"https:\/\/portalfloresnoar.com\/floresnoar\/wp-json\/wp\/v2\/media?parent=20547"}],"wp:term":[{"taxonomy":"category","embeddable":true,"href":"https:\/\/portalfloresnoar.com\/floresnoar\/wp-json\/wp\/v2\/categories?post=20547"},{"taxonomy":"post_tag","embeddable":true,"href":"https:\/\/portalfloresnoar.com\/floresnoar\/wp-json\/wp\/v2\/tags?post=20547"}],"curies":[{"name":"wp","href":"https:\/\/api.w.org\/{rel}","templated":true}]}}