

{"id":20542,"date":"2015-04-10T10:34:51","date_gmt":"2015-04-10T13:34:51","guid":{"rendered":"http:\/\/portalfloresnoar.com\/floresnoar\/?p=20542"},"modified":"2015-04-15T17:31:06","modified_gmt":"2015-04-15T20:31:06","slug":"programa-trilha-urbana-do-sol-promove-caminhada-dia-264","status":"publish","type":"post","link":"https:\/\/portalfloresnoar.com\/floresnoar\/programa-trilha-urbana-do-sol-promove-caminhada-dia-264\/","title":{"rendered":"Programa Trilha Urbana do Sol promove caminhada dia 26\/4"},"content":{"rendered":"<p style=\"text-align: left;\"><img decoding=\"async\" loading=\"lazy\" class=\"wp-image-20543 alignleft\" alt=\"caminhada recife\" src=\"http:\/\/portalfloresnoar.com\/floresnoar\/wp-content\/uploads\/2015\/04\/caminhada-recife.jpg\" width=\"391\" height=\"214\" srcset=\"https:\/\/portalfloresnoar.com\/floresnoar\/wp-content\/uploads\/2015\/04\/caminhada-recife.jpg 559w, https:\/\/portalfloresnoar.com\/floresnoar\/wp-content\/uploads\/2015\/04\/caminhada-recife-300x164.jpg 300w\" sizes=\"(max-width: 391px) 100vw, 391px\" \/><\/p>\n<p style=\"text-align: left;\">&#8216;Mercados P\u00fablicos&#8217; \u00e9 o tema do segundo encontro do programa Trilha Urbana do Sol. No dia 26 de abril, \u00e0s 6h, os interessados se re\u00fanem em frente ao Parque da Jaqueira, na rua do Futuro, de onde rumar\u00e3o caminhando para o Mercado de Casa Amarela e o da Madalena, onde se pode tomar um delicioso caf\u00e9 da manh\u00e3. A previs\u00e3o de retorno \u00e9 \u00e0s 9h.<\/p>\n<p>Durante o caminho, ser\u00e1 explorado um roteiro que inclui a Pra\u00e7a Flemming, o S\u00edtio da Trindade, o Po\u00e7o da Panela, o Parque de Santana e as margens do Rio Capibaribe, al\u00e9m dos mercados escolhidos para esse momento.<\/p>\n<p>&#8220;Considerando a extens\u00e3o do trajeto (cerca de 9 Km) e a necessidade de nos mantermos fi\u00e9is \u00e0 proposta original (entre 8 e 10 Km e retornando ao Parque da Jaqueira), nos ateremos, nesse momento, a esses dois Mercados. Em outro M\u00f3dulo, poderemos incluir os outros dois dessa \u00e1rea: o da Boa Vista e o de S\u00e3o Jos\u00e9, explorando as pequenas ruas de seu entorno&#8221;, declaram os organizadores,que fazem parte da Equipe do Libertas.<\/p>\n<p>Durante o percurso haver\u00e1 um descanso de 10 minutos ap\u00f3s algum tempo de caminhada e \u00e9 recomendado levar: chap\u00e9u ou bon\u00e9, protetor solar, toalha de rosto e \u00e1gua de beber, usando de prefer\u00eancia roupas leves, camisa de mangas compridas c\/prote\u00e7\u00e3o UV e t\u00eanis j\u00e1 amaciado.<\/p>\n","protected":false},"excerpt":{"rendered":"<p>&#8216;Mercados P\u00fablicos&#8217; \u00e9 o tema do segundo encontro do programa Trilha Urbana do Sol. No dia 26 de abril, \u00e0s 6h, os interessados se re\u00fanem em frente ao Parque da Jaqueira, na rua do Futuro, de onde rumar\u00e3o caminhando para o Mercado de Casa Amarela e o da Madalena, onde se pode tomar um delicioso [&hellip;]<\/p>\n","protected":false},"author":1,"featured_media":20543,"comment_status":"open","ping_status":"open","sticky":false,"template":"","format":"standard","meta":{"om_disable_all_campaigns":false,"_monsterinsights_skip_tracking":false,"_monsterinsights_sitenote_active":false,"_monsterinsights_sitenote_note":"","_monsterinsights_sitenote_category":0,"footnotes":""},"categories":[8,214],"tags":[245,27],"acf":[],"publishpress_future_action":{"enabled":false,"date":"1969-12-31 21:00:00","action":"","terms":[],"taxonomy":"","browser_timezone_offset":0},"_links":{"self":[{"href":"https:\/\/portalfloresnoar.com\/floresnoar\/wp-json\/wp\/v2\/posts\/20542"}],"collection":[{"href":"https:\/\/portalfloresnoar.com\/floresnoar\/wp-json\/wp\/v2\/posts"}],"about":[{"href":"https:\/\/portalfloresnoar.com\/floresnoar\/wp-json\/wp\/v2\/types\/post"}],"author":[{"embeddable":true,"href":"https:\/\/portalfloresnoar.com\/floresnoar\/wp-json\/wp\/v2\/users\/1"}],"replies":[{"embeddable":true,"href":"https:\/\/portalfloresnoar.com\/floresnoar\/wp-json\/wp\/v2\/comments?post=20542"}],"version-history":[{"count":0,"href":"https:\/\/portalfloresnoar.com\/floresnoar\/wp-json\/wp\/v2\/posts\/20542\/revisions"}],"wp:featuredmedia":[{"embeddable":true,"href":"https:\/\/portalfloresnoar.com\/floresnoar\/wp-json\/wp\/v2\/media\/20543"}],"wp:attachment":[{"href":"https:\/\/portalfloresnoar.com\/floresnoar\/wp-json\/wp\/v2\/media?parent=20542"}],"wp:term":[{"taxonomy":"category","embeddable":true,"href":"https:\/\/portalfloresnoar.com\/floresnoar\/wp-json\/wp\/v2\/categories?post=20542"},{"taxonomy":"post_tag","embeddable":true,"href":"https:\/\/portalfloresnoar.com\/floresnoar\/wp-json\/wp\/v2\/tags?post=20542"}],"curies":[{"name":"wp","href":"https:\/\/api.w.org\/{rel}","templated":true}]}}