

{"id":20515,"date":"2015-03-28T10:51:40","date_gmt":"2015-03-28T13:51:40","guid":{"rendered":"http:\/\/portalfloresnoar.com\/floresnoar\/?p=20515"},"modified":"2015-05-06T11:46:17","modified_gmt":"2015-05-06T14:46:17","slug":"projeto-sonhares-promove-vivencias-com-meditacao-ilustracao-e-fotografia-a-partir-dos-sonhos","status":"publish","type":"post","link":"https:\/\/portalfloresnoar.com\/floresnoar\/projeto-sonhares-promove-vivencias-com-meditacao-ilustracao-e-fotografia-a-partir-dos-sonhos\/","title":{"rendered":"Projeto &#8216;Sonhares&#8217; promove viv\u00eancias com medita\u00e7\u00e3o, ilustra\u00e7\u00e3o e fotografia, a partir dos sonhos"},"content":{"rendered":"<p style=\"text-align: center;\"><img decoding=\"async\" loading=\"lazy\" class=\"aligncenter  wp-image-20516\" alt=\"cartaz SONHARES\" src=\"http:\/\/portalfloresnoar.com\/floresnoar\/wp-content\/uploads\/2015\/04\/cartaz-SONHARES.jpg\" width=\"662\" height=\"937\" srcset=\"https:\/\/portalfloresnoar.com\/floresnoar\/wp-content\/uploads\/2015\/04\/cartaz-SONHARES.jpg 735w, https:\/\/portalfloresnoar.com\/floresnoar\/wp-content\/uploads\/2015\/04\/cartaz-SONHARES-211x300.jpg 211w\" sizes=\"(max-width: 662px) 100vw, 662px\" \/><\/p>\n<p>A fot\u00f3grafa, ilustradora e leitora de aura Karla Gon\u00e7alves inicia em maio a primeira turma do Sonhares,\u00a0projeto que prop\u00f5e o resgate e a afina\u00e7\u00e3o entre o mundo material e o mundo dos sonhos atrav\u00e9s de viv\u00eancias com t\u00e9cnicas de visualiza\u00e7\u00e3o e medita\u00e7\u00e3o associadas a din\u00e2micas com texto, ilustra\u00e7\u00e3o e fotografia.<\/p>\n<p>O projeto divide-se em m\u00f3dulos de tr\u00eas encontros quinzenais com grupos fechados para at\u00e9 15 pessoas. O primeiro encontro acontece no dia 2 de maio, no Recanto do Ser, localizado no bairro da Encruzilhada. Este primeiro encontro contar\u00e1 com a participa\u00e7\u00e3o da poeta, cantora e compositora <span style=\"text-decoration: underline;\"><a href=\"https:\/\/www.facebook.com\/cantodelu7\" target=\"_blank\">Lu Rabelo<\/a><\/span>, que compartilhar\u00e1 com o grupo seu processo de cria\u00e7\u00e3o po\u00e9tica e musical a partir dos sonhos.<\/p>\n<p>&#8220;Os sonhos t\u00eam grande poder. Eles ditam, atrav\u00e9s do inconsciente, nossas tend\u00eancias, medos, aspira\u00e7\u00f5es, dando-nos chaves para desvendar o grande mist\u00e9rio dos desafios di\u00e1rios. Ao contemplar um sonho, podemos escutar a nossa pr\u00f3pria voz, despertando, assim, para a nossa verdade interior&#8221;, declara Karla.<\/p>\n<p>De acordo com a facilitadora, o objetivo \u00e9 trazer \u00e0 tona maior consci\u00eancia sobre a energia dos sonhos, criando, na mat\u00e9ria, a inspira\u00e7\u00e3o para viver o caminho do esp\u00edrito, liberando, igualmente, o ac\u00famulo mental que nos impossibilita de enxergar, com clareza, as mensagens que o universo on\u00edrico oferece todas as noites.<\/p>\n<div>\n<p><em>Por que ilustra\u00e7\u00e3o e fotografia?<\/em><br \/>\nExatamente como o sonho, a fotografia \u00e9 constru\u00edda atrav\u00e9s de fragmentos da realidade e, por entre esses fragmentos, temos a liberdade de criar o que eu quisermos, uma vez que temos o sonho como suporte ilustrativo das nossas capta\u00e7\u00f5es di\u00e1rias.<\/p>\n<p><em>O que teremos?<\/em><br \/>\nO projeto divide-se em m\u00f3dulos de tr\u00eas encontros quinzenais com grupos fechados para at\u00e9 15 pessoas.<br \/>\n\u2022 Rodas de conversa sobre sonhos e arte &#8211; como perceber e canalizar as impress\u00f5es\/ rastros que os sonhos deixam; \u2022 Sensibiliza\u00e7\u00e3o e conex\u00e3o com a intui\u00e7\u00e3o atrav\u00e9s de t\u00e9cnicas de visualiza\u00e7\u00e3o;<br \/>\n\u2022 Exerc\u00edcios para lembrar com maior clareza e decifrar as mensagens on\u00edricas;<br \/>\n\u2022 Cria\u00e7\u00e3o de canais materiais para desvendar, inspirar e dar espa\u00e7o ao sonho na nossa vida; \u2022 An\u00e1lise conclusiva sobre os enredos criados e a repercuss\u00e3o do sonho no dia-a-dia.<\/p>\n<p><strong>Quando?<\/strong><br \/>\nNos s\u00e1bados 02, 16 e 30 de maio, das 9h \u00e0s 12h.<\/p>\n<p><strong>Local e Inscri\u00e7\u00f5es:\u00a0<\/strong><br \/>\n<a href=\"https:\/\/www.facebook.com\/pages\/Recanto-do-Ser\/736826909687336\" target=\"_blank\">Recanto do Ser<\/a>:\u00a0Rua Costa Pinto n\u00ba 119, Encruzilhada, Recife\/PE<br \/>\nFones: (81) 9846-7151(Tim) \/ (81) 8660-7675 (Oi)<\/p>\n<\/div>\n","protected":false},"excerpt":{"rendered":"<p>A fot\u00f3grafa, ilustradora e leitora de aura Karla Gon\u00e7alves inicia em maio a primeira turma do Sonhares,\u00a0projeto que prop\u00f5e o resgate e a afina\u00e7\u00e3o entre o mundo material e o mundo dos sonhos atrav\u00e9s de viv\u00eancias com t\u00e9cnicas de visualiza\u00e7\u00e3o e medita\u00e7\u00e3o associadas a din\u00e2micas com texto, ilustra\u00e7\u00e3o e fotografia. O projeto divide-se em m\u00f3dulos [&hellip;]<\/p>\n","protected":false},"author":1,"featured_media":20517,"comment_status":"open","ping_status":"open","sticky":false,"template":"","format":"standard","meta":{"om_disable_all_campaigns":false,"_monsterinsights_skip_tracking":false,"_monsterinsights_sitenote_active":false,"_monsterinsights_sitenote_note":"","_monsterinsights_sitenote_category":0,"footnotes":""},"categories":[8,214],"tags":[47,65,43,176],"acf":[],"publishpress_future_action":{"enabled":false,"date":"1969-12-31 21:00:00","action":"","terms":[],"taxonomy":"","browser_timezone_offset":0},"_links":{"self":[{"href":"https:\/\/portalfloresnoar.com\/floresnoar\/wp-json\/wp\/v2\/posts\/20515"}],"collection":[{"href":"https:\/\/portalfloresnoar.com\/floresnoar\/wp-json\/wp\/v2\/posts"}],"about":[{"href":"https:\/\/portalfloresnoar.com\/floresnoar\/wp-json\/wp\/v2\/types\/post"}],"author":[{"embeddable":true,"href":"https:\/\/portalfloresnoar.com\/floresnoar\/wp-json\/wp\/v2\/users\/1"}],"replies":[{"embeddable":true,"href":"https:\/\/portalfloresnoar.com\/floresnoar\/wp-json\/wp\/v2\/comments?post=20515"}],"version-history":[{"count":0,"href":"https:\/\/portalfloresnoar.com\/floresnoar\/wp-json\/wp\/v2\/posts\/20515\/revisions"}],"wp:featuredmedia":[{"embeddable":true,"href":"https:\/\/portalfloresnoar.com\/floresnoar\/wp-json\/wp\/v2\/media\/20517"}],"wp:attachment":[{"href":"https:\/\/portalfloresnoar.com\/floresnoar\/wp-json\/wp\/v2\/media?parent=20515"}],"wp:term":[{"taxonomy":"category","embeddable":true,"href":"https:\/\/portalfloresnoar.com\/floresnoar\/wp-json\/wp\/v2\/categories?post=20515"},{"taxonomy":"post_tag","embeddable":true,"href":"https:\/\/portalfloresnoar.com\/floresnoar\/wp-json\/wp\/v2\/tags?post=20515"}],"curies":[{"name":"wp","href":"https:\/\/api.w.org\/{rel}","templated":true}]}}