

{"id":20500,"date":"2015-03-10T10:52:00","date_gmt":"2015-03-10T13:52:00","guid":{"rendered":"http:\/\/portalfloresnoar.com\/floresnoar\/?p=20500"},"modified":"2015-04-22T16:33:34","modified_gmt":"2015-04-22T19:33:34","slug":"o-fantastico-universo-da-literatura-infantil-dia-194-em-olinda-com-entrada-franca","status":"publish","type":"post","link":"https:\/\/portalfloresnoar.com\/floresnoar\/o-fantastico-universo-da-literatura-infantil-dia-194-em-olinda-com-entrada-franca\/","title":{"rendered":"&#8216;O fant\u00e1stico universo da Literatura Infantil&#8217; dia 19\/4 em Olinda, com entrada franca"},"content":{"rendered":"<p><img decoding=\"async\" loading=\"lazy\" class=\"aligncenter size-full wp-image-20501\" alt=\"coisas_abril\" src=\"http:\/\/portalfloresnoar.com\/floresnoar\/wp-content\/uploads\/2015\/04\/coisas_abril.jpg\" width=\"540\" height=\"763\" srcset=\"https:\/\/portalfloresnoar.com\/floresnoar\/wp-content\/uploads\/2015\/04\/coisas_abril.jpg 540w, https:\/\/portalfloresnoar.com\/floresnoar\/wp-content\/uploads\/2015\/04\/coisas_abril-212x300.jpg 212w\" sizes=\"(max-width: 540px) 100vw, 540px\" \/><\/p>\n<p>O projeto &#8216;Coisas se contam nas Olindas&#8217; neste m\u00eas de abril\u00a0ser\u00e1 dedicado \u00e0s hist\u00f3rias infantis, em conson\u00e2ncia com o Dia Nacional e o Dia Internacional do Livro Infantil. A programa\u00e7\u00e3o contar\u00e1 com a participa\u00e7\u00e3o do Grupo Gr\u00e3o de Hist\u00f3rias (PE), O Guardador de Poetas (PE), Dayse Constantino (RJ\/PE), Yale Feitosa (PE), Fernanda Ferreira (PB), al\u00e9m da participa\u00e7\u00e3o espont\u00e2nea do p\u00fablico.\u00a0O evento acontecer\u00e1 no <strong>dia 19 de abril, \u00e0s 16h<\/strong>, na \u00e1rea externa do <strong>Centro de Cultura Luiz Freire<\/strong>. A entrada \u00e9 franca!<\/p>\n<p>Na ocasi\u00e3o, a organiza\u00e7\u00e3o da tarde de hist\u00f3rias e m\u00fasica arrecadar\u00e1 livros de literatura infantil e juvenil em bom estado de conserva\u00e7\u00e3o, que ser\u00e3o doados a bibliotecas comunit\u00e1rias da REleitura &#8211; Bibliotecas Comunit\u00e1rias em Rede.<\/p>\n<p>O projeto &#8216;Coisas se contam nas Olindas&#8217;\u00a0tem por objetivo promover sess\u00f5es de conta\u00e7\u00e3o hist\u00f3rias, recitais po\u00e9ticos e apresenta\u00e7\u00f5es de grupos musicais e teatrais no s\u00edtio hist\u00f3rico de Olinda, entre os meses de janeiro e dezembro de 2015. A iniciativa \u00e9 o resultado da parceria entre a empresa cultural Ek\u00f3 Educa\u00e7\u00e3o e Cultura e o Centro de Cultura Luiz Freire e conta com a coprodu\u00e7\u00e3o de Dayse Constantino (contadora de hist\u00f3rias).<\/p>\n<p><strong>Mais informa\u00e7\u00f5es:<\/strong><br \/>\n<strong>Ek\u00f3 Educa\u00e7\u00e3o e Cultura<\/strong><br \/>\n(81) | 9743.7043 | 8506.6462 | 3011.4003<br \/>\nFacebook: <a href=\"https:\/\/www.facebook.com\/pages\/EK%C3%93-Educa%C3%A7%C3%A3o-e-Cultura\/511701088915005?fref=ts\" target=\"_blank\">Ek\u00f3 Educa\u00e7\u00e3o e Cultura<\/a><br \/>\n<a href=\"www.ekoeducacaoecultura.com.br\" target=\"_blank\">www.ekoeducacaoecultura.com.br<\/a><\/p>\n<p><strong>Centro de Cultura Luiz Freire<\/strong><br \/>\nRua 27 de Janeiro, 181, Carmo, Olinda.<br \/>\nFone: (81) 3301.5241<br \/>\nFacebook: <a href=\"https:\/\/www.facebook.com\/CentroLuizFreire\" target=\"_blank\">Centro de Cultura Luiz Freire<\/a><br \/>\n<a href=\"http:\/\/www.cclf.org.br\" target=\"_blank\">www.cclf.org.br<\/a><\/p>\n","protected":false},"excerpt":{"rendered":"<p>O projeto &#8216;Coisas se contam nas Olindas&#8217; neste m\u00eas de abril\u00a0ser\u00e1 dedicado \u00e0s hist\u00f3rias infantis, em conson\u00e2ncia com o Dia Nacional e o Dia Internacional do Livro Infantil. A programa\u00e7\u00e3o contar\u00e1 com a participa\u00e7\u00e3o do Grupo Gr\u00e3o de Hist\u00f3rias (PE), O Guardador de Poetas (PE), Dayse Constantino (RJ\/PE), Yale Feitosa (PE), Fernanda Ferreira (PB), al\u00e9m [&hellip;]<\/p>\n","protected":false},"author":1,"featured_media":20502,"comment_status":"open","ping_status":"open","sticky":false,"template":"","format":"standard","meta":{"om_disable_all_campaigns":false,"_monsterinsights_skip_tracking":false,"_monsterinsights_sitenote_active":false,"_monsterinsights_sitenote_note":"","_monsterinsights_sitenote_category":0,"footnotes":""},"categories":[8,214],"tags":[120,69],"acf":[],"publishpress_future_action":{"enabled":false,"date":"1969-12-31 21:00:00","action":"","terms":[],"taxonomy":"","browser_timezone_offset":0},"_links":{"self":[{"href":"https:\/\/portalfloresnoar.com\/floresnoar\/wp-json\/wp\/v2\/posts\/20500"}],"collection":[{"href":"https:\/\/portalfloresnoar.com\/floresnoar\/wp-json\/wp\/v2\/posts"}],"about":[{"href":"https:\/\/portalfloresnoar.com\/floresnoar\/wp-json\/wp\/v2\/types\/post"}],"author":[{"embeddable":true,"href":"https:\/\/portalfloresnoar.com\/floresnoar\/wp-json\/wp\/v2\/users\/1"}],"replies":[{"embeddable":true,"href":"https:\/\/portalfloresnoar.com\/floresnoar\/wp-json\/wp\/v2\/comments?post=20500"}],"version-history":[{"count":0,"href":"https:\/\/portalfloresnoar.com\/floresnoar\/wp-json\/wp\/v2\/posts\/20500\/revisions"}],"wp:featuredmedia":[{"embeddable":true,"href":"https:\/\/portalfloresnoar.com\/floresnoar\/wp-json\/wp\/v2\/media\/20502"}],"wp:attachment":[{"href":"https:\/\/portalfloresnoar.com\/floresnoar\/wp-json\/wp\/v2\/media?parent=20500"}],"wp:term":[{"taxonomy":"category","embeddable":true,"href":"https:\/\/portalfloresnoar.com\/floresnoar\/wp-json\/wp\/v2\/categories?post=20500"},{"taxonomy":"post_tag","embeddable":true,"href":"https:\/\/portalfloresnoar.com\/floresnoar\/wp-json\/wp\/v2\/tags?post=20500"}],"curies":[{"name":"wp","href":"https:\/\/api.w.org\/{rel}","templated":true}]}}