

{"id":20457,"date":"2015-03-07T08:15:57","date_gmt":"2015-03-07T11:15:57","guid":{"rendered":"http:\/\/portalfloresnoar.com\/floresnoar\/?p=20457"},"modified":"2015-04-15T17:35:36","modified_gmt":"2015-04-15T20:35:36","slug":"diversas-acoes-movimentam-o-cais-jose-estelita-neste-domingo-no-ocupe-campo-cidade","status":"publish","type":"post","link":"https:\/\/portalfloresnoar.com\/floresnoar\/diversas-acoes-movimentam-o-cais-jose-estelita-neste-domingo-no-ocupe-campo-cidade\/","title":{"rendered":"Diversas a\u00e7\u00f5es movimentam o Cais Jos\u00e9 Estelita neste domingo no &#8216;Ocupe Campo-Cidade&#8217;"},"content":{"rendered":"<p style=\"text-align: center;\"><img decoding=\"async\" loading=\"lazy\" class=\"aligncenter  wp-image-20458\" alt=\"ocupe\" src=\"http:\/\/portalfloresnoar.com\/floresnoar\/wp-content\/uploads\/2015\/04\/ocupe.jpg\" width=\"707\" height=\"261\" srcset=\"https:\/\/portalfloresnoar.com\/floresnoar\/wp-content\/uploads\/2015\/04\/ocupe.jpg 1916w, https:\/\/portalfloresnoar.com\/floresnoar\/wp-content\/uploads\/2015\/04\/ocupe-300x111.jpg 300w, https:\/\/portalfloresnoar.com\/floresnoar\/wp-content\/uploads\/2015\/04\/ocupe-1024x379.jpg 1024w\" sizes=\"(max-width: 707px) 100vw, 707px\" \/><\/p>\n<p>&nbsp;<\/p>\n<p>No dia 12 de Abril (domingo), o Movimento Ocupe Estelita e parceiros promovem no Cais Jos\u00e9 Estelita, a partir das 13 horas, uma s\u00e9rie de atividades que pretendem discutir as rela\u00e7\u00f5es entre o campo e as cidades \u2013 o OCUPE CAMPO-CIDADE. A programa\u00e7\u00e3o visa promover debates, conversas e reflex\u00f5es que tamb\u00e9m coloquem em evid\u00eancia a opress\u00e3o aos trabalhadores e trabalhadoras, do campo e da cidade. As atividades incluem feira org\u00e2nica e agroecol\u00f3gica, oficinas de plantio e bioconstru\u00e7\u00e3o, aulas p\u00fablicas, cine-debate e diversas atra\u00e7\u00f5es culturais.<\/p>\n<div>\n<p>O encontro \u00e9 motivado pela necessidade de discutir a converg\u00eancia de demandas entre as zonas rurais e urbanas \u2013 interse\u00e7\u00e3o que se expressa nas disputas por espa\u00e7os para viver e produzir.\u00a0Entre os parceiros da iniciativa est\u00e3o o Centro Sabi\u00e1, Movimento dos Trabalhadores Sem Terra (MST), N\u00facleo de Agroecologia e Campesinato (NAC\/UFRPE), Movimento dos Atingidos por Barragens (MAB), Pastoral da Juventude Rural (PJR), Rede Coque Vive e Sindicato dos Trabalhadores e Trabalhadoras do Com\u00e9rcio Informal (SINTRACI).<\/p>\n<p>Veja a programa\u00e7\u00e3o:<br \/>\n-Feira org\u00e2nica\/agroecol\u00f3gica \u2013 Com a presen\u00e7a da produ\u00e7\u00e3o do assentamento tal do Movimento dos Trabalhadores Sem Terra; Povo Xukuru; Rede Espa\u00e7o Agroecol\u00f3gico; Feira Agroecol\u00f3gica de Dois Irm\u00e3os; Agricultores Zona Mata Sul;<\/p>\n<p>&#8211; Oficinas de plantio \u2013 Bioconstru\u00e7\u00e3o; Plantio e uso de ervas medicinais; Plantio de mudas (agrofloresta); Teatro de Mamulengos; Literatura de cordel<\/p>\n<p>&#8211; Teatro (16 h)\u2013 Grupo Magiluth (com o espet\u00e1culo Luiz Lua Gonzaga)<\/p>\n<p>&#8211; Aulas p\u00fablicas<\/p>\n<p>&#8211; Cine-debate<\/p>\n<p>&#8211; Atra\u00e7\u00f5es culturais<\/p>\n<p>&#8211; Medita\u00e7\u00e3o e Yoga<\/p>\n<p>&#8211; Debate\u00a0sobre Direito \u00e0 Comunica\u00e7\u00e3o<\/p>\n<\/div>\n<p><strong>Mais informa\u00e7\u00f5es:\u00a0<\/strong><a href=\"https:\/\/www.facebook.com\/MovimentoOcupeEstelita\" target=\"_blank\">https:\/\/www.facebook.com\/MovimentoOcupeEstelita<\/a><\/p>\n<p>&nbsp;<\/p>\n","protected":false},"excerpt":{"rendered":"<p>&nbsp; No dia 12 de Abril (domingo), o Movimento Ocupe Estelita e parceiros promovem no Cais Jos\u00e9 Estelita, a partir das 13 horas, uma s\u00e9rie de atividades que pretendem discutir as rela\u00e7\u00f5es entre o campo e as cidades \u2013 o OCUPE CAMPO-CIDADE. A programa\u00e7\u00e3o visa promover debates, conversas e reflex\u00f5es que tamb\u00e9m coloquem em evid\u00eancia [&hellip;]<\/p>\n","protected":false},"author":1,"featured_media":20459,"comment_status":"open","ping_status":"open","sticky":false,"template":"","format":"standard","meta":{"om_disable_all_campaigns":false,"_monsterinsights_skip_tracking":false,"_monsterinsights_sitenote_active":false,"_monsterinsights_sitenote_note":"","_monsterinsights_sitenote_category":0,"footnotes":""},"categories":[8,214],"tags":[40,24],"acf":[],"publishpress_future_action":{"enabled":false,"date":"1969-12-31 21:00:00","action":"","terms":[],"taxonomy":"","browser_timezone_offset":0},"_links":{"self":[{"href":"https:\/\/portalfloresnoar.com\/floresnoar\/wp-json\/wp\/v2\/posts\/20457"}],"collection":[{"href":"https:\/\/portalfloresnoar.com\/floresnoar\/wp-json\/wp\/v2\/posts"}],"about":[{"href":"https:\/\/portalfloresnoar.com\/floresnoar\/wp-json\/wp\/v2\/types\/post"}],"author":[{"embeddable":true,"href":"https:\/\/portalfloresnoar.com\/floresnoar\/wp-json\/wp\/v2\/users\/1"}],"replies":[{"embeddable":true,"href":"https:\/\/portalfloresnoar.com\/floresnoar\/wp-json\/wp\/v2\/comments?post=20457"}],"version-history":[{"count":0,"href":"https:\/\/portalfloresnoar.com\/floresnoar\/wp-json\/wp\/v2\/posts\/20457\/revisions"}],"wp:featuredmedia":[{"embeddable":true,"href":"https:\/\/portalfloresnoar.com\/floresnoar\/wp-json\/wp\/v2\/media\/20459"}],"wp:attachment":[{"href":"https:\/\/portalfloresnoar.com\/floresnoar\/wp-json\/wp\/v2\/media?parent=20457"}],"wp:term":[{"taxonomy":"category","embeddable":true,"href":"https:\/\/portalfloresnoar.com\/floresnoar\/wp-json\/wp\/v2\/categories?post=20457"},{"taxonomy":"post_tag","embeddable":true,"href":"https:\/\/portalfloresnoar.com\/floresnoar\/wp-json\/wp\/v2\/tags?post=20457"}],"curies":[{"name":"wp","href":"https:\/\/api.w.org\/{rel}","templated":true}]}}