

{"id":20331,"date":"2015-03-27T09:53:44","date_gmt":"2015-03-27T12:53:44","guid":{"rendered":"http:\/\/portalfloresnoar.com\/floresnoar\/?p=20331"},"modified":"2015-03-27T09:53:44","modified_gmt":"2015-03-27T12:53:44","slug":"da-serie-retratos-em-relatos-de-sonhos-e-realidades-por-ana-araujo","status":"publish","type":"post","link":"https:\/\/portalfloresnoar.com\/floresnoar\/da-serie-retratos-em-relatos-de-sonhos-e-realidades-por-ana-araujo\/","title":{"rendered":"Da S\u00e9rie: Retratos em Relatos de Sonhos e Realidades, por Ana Araujo"},"content":{"rendered":"<figure id=\"attachment_20332\" aria-describedby=\"caption-attachment-20332\" style=\"width: 522px\" class=\"wp-caption aligncenter\"><img decoding=\"async\" loading=\"lazy\" class=\" wp-image-20332 \" alt=\"ariano suassuna foto_ ana ara\u00fajo\" src=\"http:\/\/portalfloresnoar.com\/floresnoar\/wp-content\/uploads\/2015\/03\/ariano-suassuna-foto_-ana-ara\u00fajo.jpg\" width=\"522\" height=\"864\" srcset=\"https:\/\/portalfloresnoar.com\/floresnoar\/wp-content\/uploads\/2015\/03\/ariano-suassuna-foto_-ana-ara\u00fajo.jpg 580w, https:\/\/portalfloresnoar.com\/floresnoar\/wp-content\/uploads\/2015\/03\/ariano-suassuna-foto_-ana-ara\u00fajo-181x300.jpg 181w\" sizes=\"(max-width: 522px) 100vw, 522px\" \/><figcaption id=\"caption-attachment-20332\" class=\"wp-caption-text\">\u00a9 Foto: Ana Araujo<br \/>Ariano Suassuna, Recife, 2014<\/figcaption><\/figure>\n<p style=\"text-align: left;\">O RETRATO do escritor ARIANO SUASSUNA, de minha autoria, em exposi\u00e7\u00e3o com curadoria de Juan Esteves, Madu Dorella e Miguel Aun, no Foto em Pauta \/Festival de Fotografias de Tiradentes(MG) \u2013 que acontece at\u00e9 hoje, 22 de mar\u00e7o &#8211; carrega uma hist\u00f3ria curiosa que perpassa uma cena on\u00edrica. Foi feito aqui no Recife, em fevereiro de 2014, no camarim do Teatro Santa Isabel, antes de sua aula espet\u00e1culo e cinco meses antes do seu encontro com \u201cCaetana\u201d, express\u00e3o popular nordestina que ele usava para a morte. Quando saiu a convocat\u00f3ria do festival para enviar fotos que iriam concorrer para a expo \u201cRETRATO\u201d, lembrei logo dessa imagem dele. Mas, com o corre-corre da vida, n\u00e3o enviei e viajei para o meu Sert\u00e3o, onde estava resolvendo muitas outras demandas. No pen\u00faltimo dia do t\u00e9rmino das inscri\u00e7\u00f5es, acordei em Tacaratu (regi\u00e3o do Subm\u00e9dio S. Francisco\/PE) com um sentimento de encantamento, mas um tanto pasmada. Era um sonho, mas foi muito l\u00facido e significativo. E na sabedoria do nosso povo do Sert\u00e3o, sonhos devem ser considerados.<\/p>\n<p>Pois bem, eu sonhei com Ariano me aparecendo com um sorriso largo e me estendendo uma bel\u00edssima e verd\u00edssima brom\u00e9lia, com uma flor encarnad\u00edssima (vermelho \u201clis\u00e9rgico\u201d), em um plano de baixo para cima. Como se estiv\u00e9ssemos do outro lado de um muro, minha irm\u00e3 Maria Jos\u00e9, questionava: \u201c Mas como voc\u00ea pode estar vendo ele, se ele j\u00e1 morreu?\u201d. Respondi: \u201cSim, eu sei. Mas \u00e9 verdade, ele est\u00e1 me dando agora, de presente, essa brom\u00e9lia que eu ainda n\u00e3o tinha no meu jardim, e ela \u00e9 maravilhosa!\u201d. J\u00e1 acordada, tratei de providenciar o envio desse retrato dele para disputar a sele\u00e7\u00e3o do festival. Desconfiava que aquele sonho era um palpite, assim como nos jogos de azar. Portanto, a sorte estava lan\u00e7ada!<\/p>\n<p>Em plena ter\u00e7a de momo, 17 de fevereiro, chegou o resultado confirmando a sele\u00e7\u00e3o desse retrato e n\u00e3o a de outros quatro, que eu tamb\u00e9m enviei. No dia seguinte, quarta-feira de cinzas, fui \u201cbater\u201d em Olinda, que quer dizer: Dan\u00e7ar frevo com amigas* no Bloco do Case. A pr\u00f3posito, o mestre Ariano devia ser arretado com o nome, em ingl\u00eas, desse bloco \u201cmassa\u201d &#8211; que re\u00fane os profissionais da m\u00fasica &#8211; assim como implicava com o nome do nosso, outro saudoso, Chico Science. Ainda n\u00e3o tinha ido em Olinda, dias antes , e ele era o grande homenageado do carnaval 2015. Logo na chegada, no Carmo, avistei grandes pain\u00e9is com gravuras armoriais (arte baseada em est\u00e9ticas eruditas e populares, a partir do Movimento Armorial, criado por Ariano Suassuna, em 1974)*. E l\u00e1 estava ela, a belezura de br\u00f3melia de folhagens verdes e de flor vermelha, reproduzida em um desenho de um estandarte da decora\u00e7\u00e3o da cidade hist\u00f3rica. Foi a confirma\u00e7\u00e3o, para mim, da simbologia marcante que permeia toda a viv\u00eancia proporcionada por esse RETRATO.<\/p>\n<p>Na mesma semana, precisei enviar para a organiza\u00e7\u00e3o do festival a autoriza\u00e7\u00e3o do uso de imagem. Quando voltava, da caminhada \u00e0 ag\u00eancia dos Correios, na esquina da Rua das Creoulas com a Rua das Pernambucanas, eis que encontrei, jogados com o lixo na cal\u00e7ada, v\u00e1rios p\u00e9s de brom\u00e9lias arrancados do jardim do restaurante Macuna\u00edma. Entre muitas completamente detonadas, achei uma intacta e viv\u00edssima brom\u00e9lia (Subfam\u00edlia: Bromelioideae. G\u00eanero: Nidularium sp.), a mesma que ganhava de Ariano, no sonho. Pasmada, de novo, \u201ccorri\u201d at\u00e9 a rua das Gra\u00e7as, para plantar no meu adorado jardim, esse bot\u00e2nico presente junto com o desejo de que venham flores. Os amigos, mais pr\u00f3ximos, sabem que \u201csou uma jardineira disfar\u00e7ada de fot\u00f3grafa\u201d, plagiando outro gigante das letras, Manoel de Barros.<\/p>\n<p>Quem assistiu a aula espet\u00e1culo do inesquec\u00edvel dramaturgo paraibano, radicado em Pernambuco, sabe que ganhou conhecimento e alegria. Por sorte, eu consegui na noite que fiz essa foto dele e no final do m\u00eas passado, quando a TV Senado reprisou o projeto \u201cArte como Miss\u00e3o\u201d, tamb\u00e9m apresentado em Bras\u00edlia. Nessa aula, ele falou que carregava sempre na pasta, uma caixinha com tr\u00eas rel\u00edquias. E mostrou cada uma delas: Um proj\u00e9til da Guerra de Canudos \u2013 explicando porque esse acontecimento hist\u00f3rico foi fundamental na forma\u00e7\u00e3o do povo brasileiro &#8211; e duas pedrinhas que ganhou de presente de dona Z\u00e9lia, sua amada companheira de toda a vida: Uma do Rio S\u00e3o Francisco e a outra de TIRADENTES. Encantada com esse desdobramento, entendi que era a informa\u00e7\u00e3o preciosa que faltava, para acabar de contar esse longo \u201ccauso\u201d e saber o significado desse meu sonho misterioso e de tantas \u201csincroniCidades\u201d envolvidas nesse RETRATO. Parece que Ariano queria mesmo era voltar \u00e0 Tiradentes, pela magia da FOTOGRAFIA. No mais, \u201cS\u00f3 sei que foi assim!\u201d como diria Jo\u00e3o Grilo, protagonista da pe\u00e7a \u201cAuto da Compadecida\u201d, A.Suassuna(1955).<\/p>\n<p><em>* Para saber mais:<\/em><br \/>\n&#8211; Movimento Armorial:<br \/>\n\u201cElementos da estamparia Armorial: Motivos florais (papoulas, girass\u00f3is, hibiscos, margaridas, g\u00e9rberas); frutais (caju, abacaxi, manga); folhagens (folha do cajueiro, das BROM\u00c9LIAS e da bananeira). As estrelas, bolas, microfolhagens e microflorais.\u201d<br \/>\n<a href=\"http:\/\/www.unicap.br\/armorial\/35anos\/trabalhos\/indumentaria_armorial.pdf\" target=\"_blank\">http:\/\/www.unicap.br\/armorial\/35anos\/trabalhos\/indumentaria_armorial.pdf<\/a><\/p>\n<p>&#8211; Guerra de Canudos:<br \/>\n<a href=\"http:\/\/www.historia-bahia.com\/canudos.htm\" target=\"_blank\">www.historia-bahia.com\/canudos.htm<\/a><\/p>\n<p>* &#8220;Gatas Amigas em Folia&#8221;: Adriana Borges, Cristina Moreira e Elisabete Araujo<\/p>\n<p>&nbsp;<\/p>\n","protected":false},"excerpt":{"rendered":"<p>O RETRATO do escritor ARIANO SUASSUNA, de minha autoria, em exposi\u00e7\u00e3o com curadoria de Juan Esteves, Madu Dorella e Miguel Aun, no Foto em Pauta \/Festival de Fotografias de Tiradentes(MG) \u2013 que acontece at\u00e9 hoje, 22 de mar\u00e7o &#8211; carrega uma hist\u00f3ria curiosa que perpassa uma cena on\u00edrica. Foi feito aqui no Recife, em fevereiro [&hellip;]<\/p>\n","protected":false},"author":1,"featured_media":20333,"comment_status":"open","ping_status":"open","sticky":false,"template":"","format":"standard","meta":{"om_disable_all_campaigns":false,"_monsterinsights_skip_tracking":false,"_monsterinsights_sitenote_active":false,"_monsterinsights_sitenote_note":"","_monsterinsights_sitenote_category":0,"footnotes":""},"categories":[12],"tags":[19,47],"acf":[],"publishpress_future_action":{"enabled":false,"date":"1969-12-31 21:00:00","action":"","terms":[],"taxonomy":"","browser_timezone_offset":0},"_links":{"self":[{"href":"https:\/\/portalfloresnoar.com\/floresnoar\/wp-json\/wp\/v2\/posts\/20331"}],"collection":[{"href":"https:\/\/portalfloresnoar.com\/floresnoar\/wp-json\/wp\/v2\/posts"}],"about":[{"href":"https:\/\/portalfloresnoar.com\/floresnoar\/wp-json\/wp\/v2\/types\/post"}],"author":[{"embeddable":true,"href":"https:\/\/portalfloresnoar.com\/floresnoar\/wp-json\/wp\/v2\/users\/1"}],"replies":[{"embeddable":true,"href":"https:\/\/portalfloresnoar.com\/floresnoar\/wp-json\/wp\/v2\/comments?post=20331"}],"version-history":[{"count":0,"href":"https:\/\/portalfloresnoar.com\/floresnoar\/wp-json\/wp\/v2\/posts\/20331\/revisions"}],"wp:featuredmedia":[{"embeddable":true,"href":"https:\/\/portalfloresnoar.com\/floresnoar\/wp-json\/wp\/v2\/media\/20333"}],"wp:attachment":[{"href":"https:\/\/portalfloresnoar.com\/floresnoar\/wp-json\/wp\/v2\/media?parent=20331"}],"wp:term":[{"taxonomy":"category","embeddable":true,"href":"https:\/\/portalfloresnoar.com\/floresnoar\/wp-json\/wp\/v2\/categories?post=20331"},{"taxonomy":"post_tag","embeddable":true,"href":"https:\/\/portalfloresnoar.com\/floresnoar\/wp-json\/wp\/v2\/tags?post=20331"}],"curies":[{"name":"wp","href":"https:\/\/api.w.org\/{rel}","templated":true}]}}