

{"id":20287,"date":"2015-02-23T11:35:35","date_gmt":"2015-02-23T14:35:35","guid":{"rendered":"http:\/\/portalfloresnoar.com\/floresnoar\/?p=20287"},"modified":"2015-04-08T16:13:10","modified_gmt":"2015-04-08T19:13:10","slug":"encontro-de-biodanca-neste-sabado-em-aldeia","status":"publish","type":"post","link":"https:\/\/portalfloresnoar.com\/floresnoar\/encontro-de-biodanca-neste-sabado-em-aldeia\/","title":{"rendered":"Encontro de Biodan\u00e7a dia 28\/3 em Aldeia"},"content":{"rendered":"<p style=\"text-align: center;\"><img decoding=\"async\" loading=\"lazy\" class=\"aligncenter  wp-image-20288\" alt=\"Biodan\u00e7a 1\" src=\"http:\/\/portalfloresnoar.com\/floresnoar\/wp-content\/uploads\/2015\/03\/Biodan\u00e7a-1.jpg\" width=\"561\" height=\"277\" srcset=\"https:\/\/portalfloresnoar.com\/floresnoar\/wp-content\/uploads\/2015\/03\/Biodan\u00e7a-1.jpg 801w, https:\/\/portalfloresnoar.com\/floresnoar\/wp-content\/uploads\/2015\/03\/Biodan\u00e7a-1-300x148.jpg 300w\" sizes=\"(max-width: 561px) 100vw, 561px\" \/><\/p>\n<p>Dia 28\/03\/2015 (s\u00e1bado) tem Biodan\u00e7a na Ch\u00e1cara Esmeralda &#8211; Espa\u00e7o Lapis Lazuli unidade Aldeia. O encontro come\u00e7a \u00e0s 10h e vai at\u00e9 \u00e0s 18h e acontece sempre no \u00faltimo s\u00e1bado de cada m\u00eas.<\/p>\n<p>A Biodan\u00e7a \u00e9 um trabalho realizado em grupo que estimula o aprendizado da comunica\u00e7\u00e3o, do cuidado e da coopera\u00e7\u00e3o, o que leva as pessoas a se relacionarem melhor e estabelecer v\u00ednculos afetivos. A pr\u00e1tica estimula a renova\u00e7\u00e3o e equil\u00edbrio org\u00e2nico, a resist\u00eancia imunol\u00f3gica, a energia vital e disposi\u00e7\u00e3o para a a\u00e7\u00e3o, substituindo o estresse pela harmonia.<\/p>\n<p><strong><em>Alguns benef\u00edcios da Biodan\u00e7a:<\/em><\/strong><br \/>\n&#8211; Revitaliza todo o organismo<br \/>\n&#8211; Combate o estresse e ins\u00f4nia<br \/>\n&#8211; Antidepressivo<br \/>\n&#8211; Fortalece o Sistema Imunol\u00f3gico<br \/>\n&#8211; Equilibra sistema neuroend\u00f3crino<br \/>\n&#8211; Restabelece as fun\u00e7\u00f5es sexuais<br \/>\n&#8211; Eleva a autoestima<br \/>\n&#8211; Promove assertividade e criatividade<\/p>\n<p>SERVI\u00c7O<br \/>\n<strong>Grupo de Biodan\u00e7a<\/strong><br \/>\nPeriodicidade: mensal (sempre no \u00faltimo s\u00e1bado)<br \/>\nLocal: Ch\u00e1cara Esmeralda-Rua Breno Martins, s\/n\u00ba-Estrada de Aldeia, km 8,2.<br \/>\nMensalidade: R$ 80,00 (individual); R$ 120,00 (casal)<br \/>\nFacilitador: Roberto Pagano &#8211; Licenciado pela International Biocentric Fundation (IBF); Especializa\u00e7\u00e3o em Projeto Minotauro e \u00c1rvore dos Desejos.<\/p>\n<p><strong>Informa\u00e7\u00f5es\/Inscri\u00e7\u00f5es<\/strong><br \/>\nRoberto Pagano \u2013 8899.8261 robertopaganoluz@gmail.com<br \/>\nGoretti Melo \u2013 3426.8737 falagorettimelo@gmail.com\u00a0\u200b<\/p>\n<p><a href=\"http:\/\/lapislazuli-recife.blogspot.com.br\/\" target=\"_blank\">http:\/\/lapislazuli-recife.blogspot.com.br\/<\/a><br \/>\n<a href=\"http:\/\/www.facebook.com\/espacolapislazuli\" target=\"_blank\">www.facebook.com\/espacolapislazuli<\/a><\/p>\n<p><b>ROTEIRO DA CH\u00c1CARA ESMERALDA<\/b><\/p>\n<p><img decoding=\"async\" loading=\"lazy\" class=\"aligncenter size-full wp-image-19812\" alt=\"roteiro chacara esmeralda\" src=\"http:\/\/portalfloresnoar.com\/floresnoar\/wp-content\/uploads\/2015\/02\/roteiro-chacara-esmeralda.jpg\" width=\"752\" height=\"568\" srcset=\"https:\/\/portalfloresnoar.com\/floresnoar\/wp-content\/uploads\/2015\/02\/roteiro-chacara-esmeralda.jpg 752w, https:\/\/portalfloresnoar.com\/floresnoar\/wp-content\/uploads\/2015\/02\/roteiro-chacara-esmeralda-300x226.jpg 300w, https:\/\/portalfloresnoar.com\/floresnoar\/wp-content\/uploads\/2015\/02\/roteiro-chacara-esmeralda-160x120.jpg 160w\" sizes=\"(max-width: 752px) 100vw, 752px\" \/><\/p>\n","protected":false},"excerpt":{"rendered":"<p>Dia 28\/03\/2015 (s\u00e1bado) tem Biodan\u00e7a na Ch\u00e1cara Esmeralda &#8211; Espa\u00e7o Lapis Lazuli unidade Aldeia. O encontro come\u00e7a \u00e0s 10h e vai at\u00e9 \u00e0s 18h e acontece sempre no \u00faltimo s\u00e1bado de cada m\u00eas. A Biodan\u00e7a \u00e9 um trabalho realizado em grupo que estimula o aprendizado da comunica\u00e7\u00e3o, do cuidado e da coopera\u00e7\u00e3o, o que leva [&hellip;]<\/p>\n","protected":false},"author":1,"featured_media":20288,"comment_status":"open","ping_status":"open","sticky":false,"template":"","format":"standard","meta":{"om_disable_all_campaigns":false,"_monsterinsights_skip_tracking":false,"_monsterinsights_sitenote_active":false,"_monsterinsights_sitenote_note":"","_monsterinsights_sitenote_category":0,"footnotes":""},"categories":[8,214],"tags":[66],"acf":[],"publishpress_future_action":{"enabled":false,"date":"1969-12-31 21:00:00","action":"","terms":[],"taxonomy":"","browser_timezone_offset":0},"_links":{"self":[{"href":"https:\/\/portalfloresnoar.com\/floresnoar\/wp-json\/wp\/v2\/posts\/20287"}],"collection":[{"href":"https:\/\/portalfloresnoar.com\/floresnoar\/wp-json\/wp\/v2\/posts"}],"about":[{"href":"https:\/\/portalfloresnoar.com\/floresnoar\/wp-json\/wp\/v2\/types\/post"}],"author":[{"embeddable":true,"href":"https:\/\/portalfloresnoar.com\/floresnoar\/wp-json\/wp\/v2\/users\/1"}],"replies":[{"embeddable":true,"href":"https:\/\/portalfloresnoar.com\/floresnoar\/wp-json\/wp\/v2\/comments?post=20287"}],"version-history":[{"count":0,"href":"https:\/\/portalfloresnoar.com\/floresnoar\/wp-json\/wp\/v2\/posts\/20287\/revisions"}],"wp:featuredmedia":[{"embeddable":true,"href":"https:\/\/portalfloresnoar.com\/floresnoar\/wp-json\/wp\/v2\/media\/20288"}],"wp:attachment":[{"href":"https:\/\/portalfloresnoar.com\/floresnoar\/wp-json\/wp\/v2\/media?parent=20287"}],"wp:term":[{"taxonomy":"category","embeddable":true,"href":"https:\/\/portalfloresnoar.com\/floresnoar\/wp-json\/wp\/v2\/categories?post=20287"},{"taxonomy":"post_tag","embeddable":true,"href":"https:\/\/portalfloresnoar.com\/floresnoar\/wp-json\/wp\/v2\/tags?post=20287"}],"curies":[{"name":"wp","href":"https:\/\/api.w.org\/{rel}","templated":true}]}}