

{"id":2026,"date":"2012-08-13T13:42:41","date_gmt":"2012-08-13T16:42:41","guid":{"rendered":"http:\/\/portalfloresnoar.hospedagemdesites.ws\/floresnoar\/?p=2026"},"modified":"2014-09-24T18:41:09","modified_gmt":"2014-09-24T21:41:09","slug":"pequeno-encontro-da-fotografia-de-18-a-22-de-setembro-em-olinda","status":"publish","type":"post","link":"https:\/\/portalfloresnoar.com\/floresnoar\/pequeno-encontro-da-fotografia-de-18-a-22-de-setembro-em-olinda\/","title":{"rendered":"Pequeno Encontro da Fotografia, de 18 a 22 de setembro, em Olinda"},"content":{"rendered":"<p><img decoding=\"async\" loading=\"lazy\" class=\"alignleft size-medium wp-image-2028\" title=\"fotografia\" src=\"http:\/\/portalfloresnoar.hospedagemdesites.ws\/floresnoar\/wp-content\/uploads\/2012\/08\/fotografia1-300x271.jpg\" alt=\"\" width=\"300\" height=\"271\" srcset=\"https:\/\/portalfloresnoar.com\/floresnoar\/wp-content\/uploads\/2012\/08\/fotografia1-300x271.jpg 300w, https:\/\/portalfloresnoar.com\/floresnoar\/wp-content\/uploads\/2012\/08\/fotografia1.jpg 308w\" sizes=\"(max-width: 300px) 100vw, 300px\" \/>Interfaces, converg\u00eancias, hibridismos. Pontos de contato e de inflex\u00e3o entre processos anal\u00f3gicos e digitais, entre imagem est\u00e1tica e em movimento postos em discuss\u00e3o. Este \u00e9 o objetivo do Pequeno Encontro da Fotografia, evento anual dedicado \u00e0 promo\u00e7\u00e3o do di\u00e1logo acerca da integra\u00e7\u00e3o de linguagens e de m\u00eddias no campo da Fotografia. A primeira edi\u00e7\u00e3o conta com recursos do Funcultura e vai acontecer de 18 a 22 de setembro de 2012, tendo o s\u00edtio hist\u00f3rico de Olinda como cen\u00e1rio.<\/p>\n<p>Durante cinco dias, o Encontro pretende criar ambientes prop\u00edcios a trocas, aprendizagens, reflex\u00f5es e frui\u00e7\u00e3o de imagens. Pretende criar uma interface para um intenso di\u00e1logo entre os convidados, participantes e os moradores da cidade, fortalecendo, assim, a rede criativa da Fotografia no Brasil.<\/p>\n<p>Entre os convidados, h\u00e1 uma grande diversidade de apropria\u00e7\u00f5es das ferramentas, t\u00e9cnicas e suportes anal\u00f3gicos e digitais para a produ\u00e7\u00e3o da fotografia. De maneiras muito peculiares, as op\u00e7\u00f5es pelos usos de recursos anal\u00f3gicos e digitais provocam efeitos singulares na obra de cada um.<\/p>\n<p>Foram programadas atividades dedicadas \u00e0 pr\u00e1tica da fotografia, que incluem oficinas e uma expedi\u00e7\u00e3o. Para ministrar as oficinas, Ricardo Peixoto (PB) traz seu processo l\u00fadico e a metodologia de descondicionamento do olhar; Alexandre Sequeira (PA), suas proposi\u00e7\u00f5es interdisciplinares e questionamentos sobre arte contempor\u00e2nea e fotografia; enquanto o Media Sana (PE) provoca a produ\u00e7\u00e3o de pe\u00e7as de comunica\u00e7\u00e3o a partir de dispositivos m\u00f3veis, unindo imagem e som.<\/p>\n<p>Entre os espa\u00e7os reservados \u00e0 reflex\u00e3o e o debate, est\u00e3o palestras, uma mesa-redonda e uma tarde de leituras de portf\u00f3lios. Durante as palestras, ser\u00e3o apreciadas as experi\u00eancias em laborat\u00f3rio fotoqu\u00edmico de Eust\u00e1quio Neves (MG), o trabalho em fotojornalismo em pel\u00edcula preto e branco de Paula Sampaio (PA) e a produ\u00e7\u00e3o textual de Ronaldo Entler acerca dos h\u00edbridos digitais. Na mesa-redonda, tr\u00eas coletivos que v\u00eam tra\u00e7ando caminhos bem diversos v\u00e3o apresentar suas ideias: Trotamundos (SE), Media Sana e O Santo (PE). Na sequ\u00eancia, teremos proje\u00e7\u00f5es com imagens desses mesmos coletivos. Os fot\u00f3grafos presentes ainda ter\u00e3o a oportunidade de participar de uma leitura de portf\u00f3lios com Ricardo Peixoto, Alexandre Sequeira e Ronaldo Entler (SP).<\/p>\n<p>No \u00faltimo dia, uma expedi\u00e7\u00e3o fotogr\u00e1fica com orienta\u00e7\u00e3o de Ricardo Peixoto vai explorar os bairros do Ros\u00e1rio, Bonsucesso e Guadalupe a partir de um roteiro previamente tra\u00e7ado que aponta lugares e pessoas importantes para a sustentabilidade econ\u00f4mica e cultural das comunidades.<\/p>\n<p>Ap\u00f3s o crep\u00fasculo, os resultados ser\u00e3o projetados na parede da Igreja de Nossa Senhora do Ros\u00e1rio dos Homens Pretos. Tamb\u00e9m nesse momento ser\u00e3o apresentados os resultados de uma interven\u00e7\u00e3o sociocultural que consiste na pesquisa, digitaliza\u00e7\u00e3o e sistematiza\u00e7\u00e3o do acervo de fotos de dez fam\u00edlias do bairro do Ros\u00e1rio, a ser realizada pelos coordenadores do Encontro \u2013 Eduardo Queiroga, Mateus S\u00e1 e Mila Targino.<\/p>\n<p>PROGRAMA\u00c7\u00c3O<br \/>\n18\/09 (ter\u00e7a-feira)<\/p>\n<p>Tarde: Oficinas<br \/>\nHor\u00e1rio: 14 \u00e0s 17h<br \/>\nLocais: A confirmar<\/p>\n<p>Ricardo Peixoto (PB): Percep\u00e7\u00e3o do Olhar<br \/>\nMedia Sana (PE): Processo de hibridiza\u00e7\u00e3o de imagens<br \/>\nAlexandre Sequeira (PA): Cria\u00e7\u00e3o em Arte Contempor\u00e2nea e Fotografia<\/p>\n<p>19\/09 (quarta-feira)<\/p>\n<p>Tarde: Oficinas<br \/>\nHor\u00e1rio: 14 \u00e0s 17h<\/p>\n<p>Ricardo Peixoto (PB): Percep\u00e7\u00e3o do Olhar<br \/>\nMedia Sana (PE): Processo de hibridiza\u00e7\u00e3o de imagens<br \/>\nAlexandre Sequeira (PA): Cria\u00e7\u00e3o em Arte Contempor\u00e2nea e Fotografia<\/p>\n<p>20\/09 (quinta-feira)<\/p>\n<p>Tarde: Oficinas<br \/>\nHor\u00e1rio: 14 \u00e0s 17h<\/p>\n<p>Ricardo Peixoto (PB): Percep\u00e7\u00e3o do Olhar<br \/>\nMedia Sana(PE): Processo de hibridiza\u00e7\u00e3o de imagens<br \/>\nAlexandre Sequeira (PA): Cria\u00e7\u00e3o em Arte Contempor\u00e2nea e Fotografia<\/p>\n<p>Noite: Mesa Redonda | Palestra | Proje\u00e7\u00f5es | CineClube<br \/>\n19h Mesa Redonda Coletivos: Interm\u00eddias em coletivos fotogr\u00e1ficos<br \/>\n19:00 \u00e0s 19:15 \u2013 MediaSana<br \/>\n19:15 \u00e0s 19:30 \u2013 Trotamundos<br \/>\n19:30 \u00e0s 19:45 \u2013 O Santo Ateli\u00ea<br \/>\n19:45hs \u00e0s 20:15 di\u00e1logo entre componentes da mesa e p\u00fablico.<br \/>\n20h Palestra: Arte Contempor\u00e2nea e Fotografia | Eust\u00e1quio Neves (MG)<br \/>\n21h Proje\u00e7\u00f5es dos coletivos convidados<br \/>\nLocal: Pra\u00e7a do Carmo<br \/>\n22h Cine Clube: Curta no Xinxim (tem\u00e1tica interfaces entre fotografia e v\u00eddeo)<br \/>\nLocal: Xinxim da Baiana<\/p>\n<p>21\/09 (sexta-feira)<\/p>\n<p>Tarde: Leitura de portf\u00f3lios<br \/>\nRicardo Peixoto (PB) | Alexandre Sequeira (PA) | Ronaldo Entler (SP)<br \/>\nHor\u00e1rio: 14 \u00e0s 17h<br \/>\nLocal: A confirmar<\/p>\n<p>Noite: Palestra | Proje\u00e7\u00f5es<br \/>\n19h Palestra: H\u00edbridos Digitais e Fotografia | Ronaldo Entler (SP)<br \/>\nLocal: Tenda da Pra\u00e7a do Carmo<br \/>\n20h Palestra: As Rotas \u2013 Narrativas Documentais e Fotografia | Paula Sampaio (PA)<br \/>\nLocal: Pra\u00e7a do Carmo<\/p>\n<p>21h: Proje\u00e7\u00f5es de convidados<br \/>\nLocal: Pra\u00e7a do Carmo<\/p>\n<p>22\/09 (s\u00e1bado)<\/p>\n<p>7h \u00e0s 16h Expedi\u00e7\u00e3o Fotogr\u00e1fica<br \/>\n14 \u00e0s 16h Atividades paralelas (est\u00fadio fotogr\u00e1fico ao ar livre, apresenta\u00e7\u00f5es art\u00edsticas e exposi\u00e7\u00f5es)<br \/>\n18h Proje\u00e7\u00f5es<br \/>\n19h Banda Pooru<br \/>\nLocal: P\u00e1tio da Igreja Ros\u00e1rio dos Pretos (Bonsucesso)<\/p>\n<p>Mais informa\u00e7\u00f5es:<\/p>\n<p><a href=\"http:\/\/pequenoencontrodafotografia.com\/\">http:\/\/pequenoencontrodafotografia.com<\/a><\/p>\n","protected":false},"excerpt":{"rendered":"<p>Interfaces, converg\u00eancias, hibridismos. Pontos de contato e de inflex\u00e3o entre processos anal\u00f3gicos e digitais, entre imagem est\u00e1tica e em movimento postos em discuss\u00e3o. Este \u00e9 o objetivo do Pequeno Encontro da Fotografia, evento anual dedicado \u00e0 promo\u00e7\u00e3o do di\u00e1logo acerca da integra\u00e7\u00e3o de linguagens e de m\u00eddias no campo da Fotografia. A primeira edi\u00e7\u00e3o conta [&hellip;]<\/p>\n","protected":false},"author":1,"featured_media":2027,"comment_status":"open","ping_status":"open","sticky":false,"template":"","format":"standard","meta":{"om_disable_all_campaigns":false,"_monsterinsights_skip_tracking":false,"_monsterinsights_sitenote_active":false,"_monsterinsights_sitenote_note":"","_monsterinsights_sitenote_category":0,"footnotes":""},"categories":[8,214],"tags":[47],"acf":[],"publishpress_future_action":{"enabled":false,"date":"1969-12-31 21:00:00","action":"","terms":[],"taxonomy":"","browser_timezone_offset":0},"_links":{"self":[{"href":"https:\/\/portalfloresnoar.com\/floresnoar\/wp-json\/wp\/v2\/posts\/2026"}],"collection":[{"href":"https:\/\/portalfloresnoar.com\/floresnoar\/wp-json\/wp\/v2\/posts"}],"about":[{"href":"https:\/\/portalfloresnoar.com\/floresnoar\/wp-json\/wp\/v2\/types\/post"}],"author":[{"embeddable":true,"href":"https:\/\/portalfloresnoar.com\/floresnoar\/wp-json\/wp\/v2\/users\/1"}],"replies":[{"embeddable":true,"href":"https:\/\/portalfloresnoar.com\/floresnoar\/wp-json\/wp\/v2\/comments?post=2026"}],"version-history":[{"count":0,"href":"https:\/\/portalfloresnoar.com\/floresnoar\/wp-json\/wp\/v2\/posts\/2026\/revisions"}],"wp:featuredmedia":[{"embeddable":true,"href":"https:\/\/portalfloresnoar.com\/floresnoar\/wp-json\/wp\/v2\/media\/2027"}],"wp:attachment":[{"href":"https:\/\/portalfloresnoar.com\/floresnoar\/wp-json\/wp\/v2\/media?parent=2026"}],"wp:term":[{"taxonomy":"category","embeddable":true,"href":"https:\/\/portalfloresnoar.com\/floresnoar\/wp-json\/wp\/v2\/categories?post=2026"},{"taxonomy":"post_tag","embeddable":true,"href":"https:\/\/portalfloresnoar.com\/floresnoar\/wp-json\/wp\/v2\/tags?post=2026"}],"curies":[{"name":"wp","href":"https:\/\/api.w.org\/{rel}","templated":true}]}}