

{"id":20148,"date":"2015-03-12T19:12:50","date_gmt":"2015-03-12T22:12:50","guid":{"rendered":"http:\/\/portalfloresnoar.com\/floresnoar\/?p=20148"},"modified":"2015-03-13T10:03:43","modified_gmt":"2015-03-13T13:03:43","slug":"ja-na-infancia-meu-passa-tempo-predileto-era-desenhar-e-pintar","status":"publish","type":"post","link":"https:\/\/portalfloresnoar.com\/floresnoar\/ja-na-infancia-meu-passa-tempo-predileto-era-desenhar-e-pintar\/","title":{"rendered":"&#8216;J\u00e1 na inf\u00e2ncia meu passatempo predileto era desenhar e pintar&#8217;"},"content":{"rendered":"<pre><em>Por Catarina Cavalcanti<\/em>\r\ncizacavalcanti@gmail.com<\/pre>\n<p style=\"text-align: left;\"><img decoding=\"async\" loading=\"lazy\" class=\"wp-image-20149 alignleft\" alt=\"catarina cavalcanti\" src=\"http:\/\/portalfloresnoar.com\/floresnoar\/wp-content\/uploads\/2015\/03\/catarina-cavalcanti.jpg\" width=\"234\" height=\"309\" srcset=\"https:\/\/portalfloresnoar.com\/floresnoar\/wp-content\/uploads\/2015\/03\/catarina-cavalcanti.jpg 335w, https:\/\/portalfloresnoar.com\/floresnoar\/wp-content\/uploads\/2015\/03\/catarina-cavalcanti-227x300.jpg 227w\" sizes=\"(max-width: 234px) 100vw, 234px\" \/><\/p>\n<p style=\"text-align: left;\">Quando crian\u00e7a pedia para meu pai desenhar para eu pintar. Eu tinha uns quatro anos e o meu pai comprava resma de papel of\u00edcio branco e l\u00e1pis de cor, depois desenhava o que eu pedia&#8230;meus olhos brilhavam e eu coloria tudo com carinho e guardava como uma rel\u00edquia. Pena eu n\u00e3o ter nenhum de lembran\u00e7a, era tudo t\u00e3o fascinante! Lembro que com 9 anos eu desenhava para os colegas da escola e com essa idade achei um estojo de tinta aquarela, no estacionamento do pr\u00e9dio que minha tia morava. Era l\u00e1 que eu passava as f\u00e9rias brincando com os primos, mas quando retornava para casa meu passatempo predileto era desenhar e pintar. Nunca fui boa desenhando, mas adorava ampliar desenhos animados.<\/p>\n<p>Comecei a pintar profissionalmente aos 18 anos e n\u00e3o parei mais. Nesse per\u00edodo veio a primeira mat\u00e9ria no jornal e em seguida a primeira exposi\u00e7\u00e3o. At\u00e9 hoje foram nove exposi\u00e7\u00f5es, duas oficinas de arte e mais de 2.000 quadros pintados e espalhados no Brasil e no mundo. Tenho quadros na Alemanha, B\u00e9lgica, Holanda, Su\u00ed\u00e7a, Uruguai, Fran\u00e7a e outros pa\u00edses que nem eu mesma sei.<\/p>\n<p>A batalha \u00e9 \u00e1rdua, mas amo o que fa\u00e7o. Artes Pl\u00e1sticas \u00e9 minha vida, pinto h\u00e1 18 anos e vivo de arte aos trancos e barrancos. Comecei pintando arte naif, depois passei para o primitivo, a moderna, o surrealismo, e hoje me divido entre a arte contempor\u00e2nea, florais, casarios, paisagens, regionais, abstratos, geom\u00e9tricos&#8230; Mas o que gosto de pintar hoje \u00e9 a arte contempor\u00e2nea, as que est\u00e3o nas fotos abaixo.<\/p>\n<p><img decoding=\"async\" loading=\"lazy\" class=\"aligncenter size-full wp-image-20150\" alt=\"catarina 1\" src=\"http:\/\/portalfloresnoar.com\/floresnoar\/wp-content\/uploads\/2015\/03\/catarina-1.jpg\" width=\"503\" height=\"547\" srcset=\"https:\/\/portalfloresnoar.com\/floresnoar\/wp-content\/uploads\/2015\/03\/catarina-1.jpg 503w, https:\/\/portalfloresnoar.com\/floresnoar\/wp-content\/uploads\/2015\/03\/catarina-1-275x300.jpg 275w\" sizes=\"(max-width: 503px) 100vw, 503px\" \/><\/p>\n<p>&nbsp;<\/p>\n<p style=\"text-align: center;\"><img decoding=\"async\" loading=\"lazy\" class=\"aligncenter  wp-image-20151\" alt=\"catarina 2\" src=\"http:\/\/portalfloresnoar.com\/floresnoar\/wp-content\/uploads\/2015\/03\/catarina-2.jpg\" width=\"485\" height=\"358\" srcset=\"https:\/\/portalfloresnoar.com\/floresnoar\/wp-content\/uploads\/2015\/03\/catarina-2.jpg 606w, https:\/\/portalfloresnoar.com\/floresnoar\/wp-content\/uploads\/2015\/03\/catarina-2-300x221.jpg 300w\" sizes=\"(max-width: 485px) 100vw, 485px\" \/><\/p>\n<p>&nbsp;<\/p>\n<p><img decoding=\"async\" loading=\"lazy\" class=\"aligncenter size-full wp-image-20152\" alt=\"catarina 3\" src=\"http:\/\/portalfloresnoar.com\/floresnoar\/wp-content\/uploads\/2015\/03\/catarina-3.jpg\" width=\"315\" height=\"547\" srcset=\"https:\/\/portalfloresnoar.com\/floresnoar\/wp-content\/uploads\/2015\/03\/catarina-3.jpg 315w, https:\/\/portalfloresnoar.com\/floresnoar\/wp-content\/uploads\/2015\/03\/catarina-3-172x300.jpg 172w\" sizes=\"(max-width: 315px) 100vw, 315px\" \/><\/p>\n<p>&nbsp;<\/p>\n<p><img decoding=\"async\" loading=\"lazy\" class=\"aligncenter size-full wp-image-20153\" alt=\"catarina 4\" src=\"http:\/\/portalfloresnoar.com\/floresnoar\/wp-content\/uploads\/2015\/03\/catarina-4.jpg\" width=\"486\" height=\"493\" srcset=\"https:\/\/portalfloresnoar.com\/floresnoar\/wp-content\/uploads\/2015\/03\/catarina-4.jpg 486w, https:\/\/portalfloresnoar.com\/floresnoar\/wp-content\/uploads\/2015\/03\/catarina-4-295x300.jpg 295w, https:\/\/portalfloresnoar.com\/floresnoar\/wp-content\/uploads\/2015\/03\/catarina-4-100x100.jpg 100w\" sizes=\"(max-width: 486px) 100vw, 486px\" \/><\/p>\n<p>&nbsp;<\/p>\n<p><img decoding=\"async\" loading=\"lazy\" class=\"aligncenter size-full wp-image-20154\" alt=\"catarina 5\" src=\"http:\/\/portalfloresnoar.com\/floresnoar\/wp-content\/uploads\/2015\/03\/catarina-5.jpg\" width=\"282\" height=\"547\" srcset=\"https:\/\/portalfloresnoar.com\/floresnoar\/wp-content\/uploads\/2015\/03\/catarina-5.jpg 282w, https:\/\/portalfloresnoar.com\/floresnoar\/wp-content\/uploads\/2015\/03\/catarina-5-154x300.jpg 154w\" sizes=\"(max-width: 282px) 100vw, 282px\" \/><\/p>\n<p>&nbsp;<\/p>\n<p>&nbsp;<\/p>\n<p>&nbsp;<\/p>\n","protected":false},"excerpt":{"rendered":"<p>Por Catarina Cavalcanti cizacavalcanti@gmail.com Quando crian\u00e7a pedia para meu pai desenhar para eu pintar. Eu tinha uns quatro anos e o meu pai comprava resma de papel of\u00edcio branco e l\u00e1pis de cor, depois desenhava o que eu pedia&#8230;meus olhos brilhavam e eu coloria tudo com carinho e guardava como uma rel\u00edquia. Pena eu n\u00e3o [&hellip;]<\/p>\n","protected":false},"author":1,"featured_media":20155,"comment_status":"open","ping_status":"open","sticky":false,"template":"","format":"standard","meta":{"om_disable_all_campaigns":false,"_monsterinsights_skip_tracking":false,"_monsterinsights_sitenote_active":false,"_monsterinsights_sitenote_note":"","_monsterinsights_sitenote_category":0,"footnotes":""},"categories":[12],"tags":[44,150],"acf":[],"publishpress_future_action":{"enabled":false,"date":"1969-12-31 21:00:00","action":"","terms":[],"taxonomy":"","browser_timezone_offset":0},"_links":{"self":[{"href":"https:\/\/portalfloresnoar.com\/floresnoar\/wp-json\/wp\/v2\/posts\/20148"}],"collection":[{"href":"https:\/\/portalfloresnoar.com\/floresnoar\/wp-json\/wp\/v2\/posts"}],"about":[{"href":"https:\/\/portalfloresnoar.com\/floresnoar\/wp-json\/wp\/v2\/types\/post"}],"author":[{"embeddable":true,"href":"https:\/\/portalfloresnoar.com\/floresnoar\/wp-json\/wp\/v2\/users\/1"}],"replies":[{"embeddable":true,"href":"https:\/\/portalfloresnoar.com\/floresnoar\/wp-json\/wp\/v2\/comments?post=20148"}],"version-history":[{"count":0,"href":"https:\/\/portalfloresnoar.com\/floresnoar\/wp-json\/wp\/v2\/posts\/20148\/revisions"}],"wp:featuredmedia":[{"embeddable":true,"href":"https:\/\/portalfloresnoar.com\/floresnoar\/wp-json\/wp\/v2\/media\/20155"}],"wp:attachment":[{"href":"https:\/\/portalfloresnoar.com\/floresnoar\/wp-json\/wp\/v2\/media?parent=20148"}],"wp:term":[{"taxonomy":"category","embeddable":true,"href":"https:\/\/portalfloresnoar.com\/floresnoar\/wp-json\/wp\/v2\/categories?post=20148"},{"taxonomy":"post_tag","embeddable":true,"href":"https:\/\/portalfloresnoar.com\/floresnoar\/wp-json\/wp\/v2\/tags?post=20148"}],"curies":[{"name":"wp","href":"https:\/\/api.w.org\/{rel}","templated":true}]}}