

{"id":20143,"date":"2015-03-12T15:11:33","date_gmt":"2015-03-12T18:11:33","guid":{"rendered":"http:\/\/portalfloresnoar.com\/floresnoar\/?p=20143"},"modified":"2015-05-09T11:05:26","modified_gmt":"2015-05-09T14:05:26","slug":"sabina-pettitt-produtora-dos-florais-do-pacifico-realiza-cursos-no-recife","status":"publish","type":"post","link":"https:\/\/portalfloresnoar.com\/floresnoar\/sabina-pettitt-produtora-dos-florais-do-pacifico-realiza-cursos-no-recife\/","title":{"rendered":"Sabina Pettitt, produtora dos Florais do Pac\u00edfico, realiza cursos no Recife"},"content":{"rendered":"<p style=\"text-align: center;\"><img decoding=\"async\" loading=\"lazy\" class=\"aligncenter  wp-image-20144\" alt=\"cartaz dos cursos de sabina\" src=\"http:\/\/portalfloresnoar.com\/floresnoar\/wp-content\/uploads\/2015\/03\/cartaz-dos-cursos-de-sabina.jpg\" width=\"653\" height=\"845\" srcset=\"https:\/\/portalfloresnoar.com\/floresnoar\/wp-content\/uploads\/2015\/03\/cartaz-dos-cursos-de-sabina.jpg 1275w, https:\/\/portalfloresnoar.com\/floresnoar\/wp-content\/uploads\/2015\/03\/cartaz-dos-cursos-de-sabina-231x300.jpg 231w, https:\/\/portalfloresnoar.com\/floresnoar\/wp-content\/uploads\/2015\/03\/cartaz-dos-cursos-de-sabina-791x1024.jpg 791w\" sizes=\"(max-width: 653px) 100vw, 653px\" \/><\/p>\n<p>A produtora das Ess\u00eancias Florais e Mar\u00edtimas do Pacifico, Sabina Pettitt, estar\u00e1 em abril no Recife, onde realiza dois cursos: &#8216;Abund\u00e2ncia para o cora\u00e7\u00e3o e a alma&#8217; e &#8216;Ess\u00eancias Marinhas &#8211; instrumentos para transforma\u00e7\u00e3o da consci\u00eancia&#8217;. O primeiro acontece no dia 17 de abril, e o outro nos dias 18 e 19.<\/p>\n<p>Sabina Pettitt \u00e9 canadense, de Victoria BC.\u00a0Al\u00e9m de produtora das Ess\u00eancias Florais e Marinhas do Pacifico \u00e9 doutora em Medicina Tradicional Chinesa e seu sistema associa o uso das ess\u00eancias florais aos meridianos da Acupuntura.<\/p>\n<p><span style=\"line-height: 1.714285714; letter-spacing: 0em;\"><strong>As inscri\u00e7\u00f5es devem ser realizadas no Centro Logos:<\/strong> (81) 3268.4473 \/ 3097.8880, com Bledine, das 12h \u00e0s 19h.<\/span><\/p>\n<p><span style=\"line-height: 1.714285714; letter-spacing: 0em;\"><strong>Mais informa\u00e7\u00f5es podem ser obtidas pelo e-mail:<\/strong> sabinarecife@yahoo.com.br<\/span><\/p>\n<p><span style=\"line-height: 1.714285714; letter-spacing: 0em;\">\u00a0<\/span><\/p>\n","protected":false},"excerpt":{"rendered":"<p>A produtora das Ess\u00eancias Florais e Mar\u00edtimas do Pacifico, Sabina Pettitt, estar\u00e1 em abril no Recife, onde realiza dois cursos: &#8216;Abund\u00e2ncia para o cora\u00e7\u00e3o e a alma&#8217; e &#8216;Ess\u00eancias Marinhas &#8211; instrumentos para transforma\u00e7\u00e3o da consci\u00eancia&#8217;. O primeiro acontece no dia 17 de abril, e o outro nos dias 18 e 19. Sabina Pettitt \u00e9 [&hellip;]<\/p>\n","protected":false},"author":1,"featured_media":20145,"comment_status":"open","ping_status":"open","sticky":false,"template":"","format":"standard","meta":{"om_disable_all_campaigns":false,"_monsterinsights_skip_tracking":false,"_monsterinsights_sitenote_active":false,"_monsterinsights_sitenote_note":"","_monsterinsights_sitenote_category":0,"footnotes":""},"categories":[8,214],"tags":[70],"acf":[],"publishpress_future_action":{"enabled":false,"date":"1969-12-31 21:00:00","action":"","terms":[],"taxonomy":"","browser_timezone_offset":0},"_links":{"self":[{"href":"https:\/\/portalfloresnoar.com\/floresnoar\/wp-json\/wp\/v2\/posts\/20143"}],"collection":[{"href":"https:\/\/portalfloresnoar.com\/floresnoar\/wp-json\/wp\/v2\/posts"}],"about":[{"href":"https:\/\/portalfloresnoar.com\/floresnoar\/wp-json\/wp\/v2\/types\/post"}],"author":[{"embeddable":true,"href":"https:\/\/portalfloresnoar.com\/floresnoar\/wp-json\/wp\/v2\/users\/1"}],"replies":[{"embeddable":true,"href":"https:\/\/portalfloresnoar.com\/floresnoar\/wp-json\/wp\/v2\/comments?post=20143"}],"version-history":[{"count":0,"href":"https:\/\/portalfloresnoar.com\/floresnoar\/wp-json\/wp\/v2\/posts\/20143\/revisions"}],"wp:featuredmedia":[{"embeddable":true,"href":"https:\/\/portalfloresnoar.com\/floresnoar\/wp-json\/wp\/v2\/media\/20145"}],"wp:attachment":[{"href":"https:\/\/portalfloresnoar.com\/floresnoar\/wp-json\/wp\/v2\/media?parent=20143"}],"wp:term":[{"taxonomy":"category","embeddable":true,"href":"https:\/\/portalfloresnoar.com\/floresnoar\/wp-json\/wp\/v2\/categories?post=20143"},{"taxonomy":"post_tag","embeddable":true,"href":"https:\/\/portalfloresnoar.com\/floresnoar\/wp-json\/wp\/v2\/tags?post=20143"}],"curies":[{"name":"wp","href":"https:\/\/api.w.org\/{rel}","templated":true}]}}