

{"id":20030,"date":"2015-02-15T04:07:34","date_gmt":"2015-02-15T07:07:34","guid":{"rendered":"http:\/\/portalfloresnoar.com\/floresnoar\/?p=20030"},"modified":"2015-03-23T11:02:59","modified_gmt":"2015-03-23T14:02:59","slug":"oficina-de-feng-shui-cuidando-dos-ambientes-em-sintonia-com-a-alma-e-a-realizacao","status":"publish","type":"post","link":"https:\/\/portalfloresnoar.com\/floresnoar\/oficina-de-feng-shui-cuidando-dos-ambientes-em-sintonia-com-a-alma-e-a-realizacao\/","title":{"rendered":"Oficina de Feng Shui &#8216;Cuidando dos Ambientes em Sintonia com a Alma e a Realiza\u00e7\u00e3o&#8217;"},"content":{"rendered":"<p style=\"text-align: center;\"><img decoding=\"async\" loading=\"lazy\" class=\"aligncenter  wp-image-20031\" alt=\"feng shui recife\" src=\"http:\/\/portalfloresnoar.com\/floresnoar\/wp-content\/uploads\/2015\/03\/feng-shui-recife.jpg\" width=\"700\" height=\"496\" srcset=\"https:\/\/portalfloresnoar.com\/floresnoar\/wp-content\/uploads\/2015\/03\/feng-shui-recife.jpg 960w, https:\/\/portalfloresnoar.com\/floresnoar\/wp-content\/uploads\/2015\/03\/feng-shui-recife-300x212.jpg 300w\" sizes=\"(max-width: 700px) 100vw, 700px\" \/><\/p>\n<p>Em comemora\u00e7\u00e3o ao Equin\u00f3cio de Outono, a consultora e facilitadora de cursos de Feng Shui Karla Zovka realiza, no dia 21 de mar\u00e7o (s\u00e1bado), das 9h \u00e0s 18h, no Instituto Constelar, a oficina &#8216;Cuidando dos Ambientes em Sintonia com a Alma e a Realiza\u00e7\u00e3o&#8217;.<\/p>\n<p>O encontro tem como objetivo apresentar a sabedoria ancestral do Feng Shui numa perspectiva integrada atrav\u00e9s de t\u00e9cnicas e viv\u00eancias que identifiquem aspectos sist\u00eamicos e inconscientes apresentados nos ambientes. Tamb\u00e9m visa facilitar a conex\u00e3o com a for\u00e7a ancestral, a alma e a realiza\u00e7\u00e3o do destino. A oficina \u00e9 voltada a todas as pessoas que buscam harmonia e prosperidade em seus ambientes de moradia e trabalho.<\/p>\n<p>&#8220;Para os ancestrais xam\u00e2nicos, a sabedoria consiste na compreens\u00e3o de que a\u00e7\u00f5es s\u00e3o apropriadas para cada fase da rela\u00e7\u00e3o da Terra com o Sol (Solst\u00edcios e Equin\u00f3cios), ou seja, o que \u00e9 bom para uma \u00e9poca, pode ser destrutivo em outra. As pr\u00e1ticas sazonais s\u00e3o muito mais do que simbolismo, s\u00e3o uma forma de revivermos a ordem natural da vida, aumentar nossa consci\u00eancia ecol\u00f3gica e proceder mudan\u00e7as reafirmando o nosso compromisso com a vida. Na comemora\u00e7\u00e3o de outono, \u00e9 importante que cada pessoa possa observar o que n\u00e3o seja mais necess\u00e1rio (seja alguma emo\u00e7\u00e3o ou padr\u00e3o de h\u00e1bito), conectando-se assim com o seu interior, agradecendo e se preparando para um novo reflorescer&#8221;, explica Karla.<\/p>\n<p>CONTE\u00daDO<br \/>\n&#8211; As energias Yin e Yang.<br \/>\n&#8211; Um olhar para o interior e o exterior.<br \/>\n&#8211; Estar presente no aqui e agora.<br \/>\n&#8211; O Ba-gu\u00e1 e a for\u00e7a dos s\u00edmbolos.<br \/>\n&#8211; Sabedoria Ancestral do Feng Shui aplicando a escola da forma atrav\u00e9s de uma viv\u00eancia sist\u00eamica com os animais mitol\u00f3gicos.<br \/>\n&#8211; Ativa\u00e7\u00e3o das \u00e1reas de referencia do bagu\u00e1 utilizando os aspectos conscientes de expans\u00e3o e realiza\u00e7\u00e3o.<br \/>\n&#8211; Conex\u00e3o com a alma, a ancestralidade, o equil\u00edbrio e harmonia Sist\u00eamica.<\/p>\n<p><strong>Sobre a Facilitadora<\/strong><br \/>\nKarla Patr\u00edcia Zovka da Silva, membro da Sociedade de Feng Shui com forma\u00e7\u00e3o intensiva no curso ministrado pelo Mestre Oriental I Ming, \u00e9 consultora e facilitadora de cursos de Feng Shui e atua tamb\u00e9m como terapeuta.<br \/>\nParticipou do Workshop Despertar do Cora\u00e7\u00e3o Iluminado &#8211; escola de relembran\u00e7a fundada pelo Drunvalo Melchizedek. \u00c9 mestre em medita\u00e7\u00e3o pelo M\u00e9todo Melchizedek e mestre em Reiki pelo Sistema Usui.<br \/>\nPsic\u00f3loga, Psicoterapeuta e Pesquisadora com forma\u00e7\u00e3o pela UPPE na \u00e1rea de sa\u00fade mental e psicossocial. Especialista em Interven\u00e7\u00f5es Clinicas pela UNICAP.<br \/>\nFacilitadora de Constela\u00e7\u00e3o Sist\u00eamica em forma\u00e7\u00e3o pelo Constelar &#8211; Instituto de Praticas Sist\u00eamicas do Brasil por, Ana da Fonte.<\/p>\n<p><em>* Idealizadora do Reflorescer Programa Fundamentado nos princ\u00edpios qu\u00e2nticos e integrais, visa promover a autoria da qualidade de vida, a expans\u00e3o no amor e a realiza\u00e7\u00e3o.<\/em><\/p>\n<p><strong>Carga hor\u00e1ria Total:<\/strong> 8h<br \/>\nDia: 21\/3\/2015 (s\u00e1bado)<br \/>\nHora: 9h \u00e0s 13h e 14h \u00e0s 18h (almo\u00e7o n\u00e3o inclu\u00eddo)<br \/>\nLocal: CONSTELAR &#8211; Rua Neto de Mendon\u00e7a, 97, Jaqueira, sala 15, Recife\/PE.<\/p>\n<p><strong>Inscri\u00e7\u00f5es <\/strong><br \/>\nSugerimos que as inscri\u00e7\u00f5es sejam realizadas atrav\u00e9s de dep\u00f3sito banc\u00e1rio at\u00e9 o dia 19 de mar\u00e7o (quinta-feira), priorizando a organiza\u00e7\u00e3o, qualidade e pontualidade da oficina. Solicite a ficha de inscri\u00e7\u00e3o atrav\u00e9s do e-mail: <strong>reflorescer7@gmail.com <\/strong><\/p>\n<p>Confirme sua inscri\u00e7\u00e3o enviando a ficha respondida e o comprovante de pagamento.<\/p>\n<p><strong>Investimento<\/strong><br \/>\nPara pagamento at\u00e9 10\/03 R$ 125,00<br \/>\nDo dia 11\/03 ao dia da oficina R$ 152,00<br \/>\nParcelado: entrada R$ 80,00 antecipada via dep\u00f3sito banc\u00e1rio + R$ 80 em cheque para 30 dias da data da oficina (cheque pode ser recebido no dia da oficina).<br \/>\nPara quem j\u00e1 participou de alguma Oficina\/Curso de Feng Shui com a facilitadora R$ 80,00<br \/>\nPara outra possibilidade de pagamento\/troca, entrar em contato.<\/p>\n<p>Banco Bradesco Ag: 1055 Cc: 0110303-2<br \/>\nEm nome de Karla Patr\u00edcia Zovka ML<\/p>\n<p>VAGAS LIMITADAS!<\/p>\n<p><strong>Contato<\/strong>: (81) 9969-0239 tim e (81) 8336-3273 oi<\/p>\n","protected":false},"excerpt":{"rendered":"<p>Em comemora\u00e7\u00e3o ao Equin\u00f3cio de Outono, a consultora e facilitadora de cursos de Feng Shui Karla Zovka realiza, no dia 21 de mar\u00e7o (s\u00e1bado), das 9h \u00e0s 18h, no Instituto Constelar, a oficina &#8216;Cuidando dos Ambientes em Sintonia com a Alma e a Realiza\u00e7\u00e3o&#8217;. O encontro tem como objetivo apresentar a sabedoria ancestral do Feng [&hellip;]<\/p>\n","protected":false},"author":1,"featured_media":20035,"comment_status":"open","ping_status":"open","sticky":false,"template":"","format":"standard","meta":{"om_disable_all_campaigns":false,"_monsterinsights_skip_tracking":false,"_monsterinsights_sitenote_active":false,"_monsterinsights_sitenote_note":"","_monsterinsights_sitenote_category":0,"footnotes":""},"categories":[8,214],"tags":[143],"acf":[],"publishpress_future_action":{"enabled":false,"date":"1969-12-31 21:00:00","action":"","terms":[],"taxonomy":"","browser_timezone_offset":0},"_links":{"self":[{"href":"https:\/\/portalfloresnoar.com\/floresnoar\/wp-json\/wp\/v2\/posts\/20030"}],"collection":[{"href":"https:\/\/portalfloresnoar.com\/floresnoar\/wp-json\/wp\/v2\/posts"}],"about":[{"href":"https:\/\/portalfloresnoar.com\/floresnoar\/wp-json\/wp\/v2\/types\/post"}],"author":[{"embeddable":true,"href":"https:\/\/portalfloresnoar.com\/floresnoar\/wp-json\/wp\/v2\/users\/1"}],"replies":[{"embeddable":true,"href":"https:\/\/portalfloresnoar.com\/floresnoar\/wp-json\/wp\/v2\/comments?post=20030"}],"version-history":[{"count":0,"href":"https:\/\/portalfloresnoar.com\/floresnoar\/wp-json\/wp\/v2\/posts\/20030\/revisions"}],"wp:featuredmedia":[{"embeddable":true,"href":"https:\/\/portalfloresnoar.com\/floresnoar\/wp-json\/wp\/v2\/media\/20035"}],"wp:attachment":[{"href":"https:\/\/portalfloresnoar.com\/floresnoar\/wp-json\/wp\/v2\/media?parent=20030"}],"wp:term":[{"taxonomy":"category","embeddable":true,"href":"https:\/\/portalfloresnoar.com\/floresnoar\/wp-json\/wp\/v2\/categories?post=20030"},{"taxonomy":"post_tag","embeddable":true,"href":"https:\/\/portalfloresnoar.com\/floresnoar\/wp-json\/wp\/v2\/tags?post=20030"}],"curies":[{"name":"wp","href":"https:\/\/api.w.org\/{rel}","templated":true}]}}