

{"id":20015,"date":"2015-03-10T10:29:34","date_gmt":"2015-03-10T13:29:34","guid":{"rendered":"http:\/\/portalfloresnoar.com\/floresnoar\/?p=20015"},"modified":"2015-03-19T14:36:24","modified_gmt":"2015-03-19T17:36:24","slug":"grupo-liberando-o-homem-integral-a-partir-de-84","status":"publish","type":"post","link":"https:\/\/portalfloresnoar.com\/floresnoar\/grupo-liberando-o-homem-integral-a-partir-de-84\/","title":{"rendered":"Grupo &#8216;Liberando o homem integral&#8217;, a partir de 8\/4"},"content":{"rendered":"<p style=\"text-align: center;\"><img decoding=\"async\" loading=\"lazy\" class=\"aligncenter  wp-image-20016\" alt=\"homem integral\" src=\"http:\/\/portalfloresnoar.com\/floresnoar\/wp-content\/uploads\/2015\/03\/homem-integral.jpg\" width=\"640\" height=\"640\" srcset=\"https:\/\/portalfloresnoar.com\/floresnoar\/wp-content\/uploads\/2015\/03\/homem-integral.jpg 1000w, https:\/\/portalfloresnoar.com\/floresnoar\/wp-content\/uploads\/2015\/03\/homem-integral-150x150.jpg 150w, https:\/\/portalfloresnoar.com\/floresnoar\/wp-content\/uploads\/2015\/03\/homem-integral-300x300.jpg 300w, https:\/\/portalfloresnoar.com\/floresnoar\/wp-content\/uploads\/2015\/03\/homem-integral-100x100.jpg 100w\" sizes=\"(max-width: 640px) 100vw, 640px\" \/><\/p>\n<div>O Instituto Constelar promove, em parceria com o Libertas e o Instituto de Yogaterapia, o Grupo &#8216;Liberando o Homem Integral&#8217;. Ser\u00e3o quatro encontros, das 19h \u00e0s 22h, a partir do dia 8 de abril. O grupo ser\u00e1 facilitado pelo terapeuta Fernando Sujan e Paulo Henrique Martins. O objetivo \u00e9 trabalhar a sa\u00fade integral do masculino na sociedade atual, focalizando perspectivas de relacionamentos saud\u00e1veis.<\/div>\n<div><\/div>\n<div>MAIS INFORMA\u00c7\u00d5ES<\/div>\n<div>(81) 9657.8684\/ 8755.2344<\/div>\n<div>paulohenriquemar@gmail.com<\/div>\n<div>institutodeyogaterapia@yahoo.com.br<\/div>\n<div><\/div>\n<div><\/div>\n<p>&nbsp;<\/p>\n","protected":false},"excerpt":{"rendered":"<p>O Instituto Constelar promove, em parceria com o Libertas e o Instituto de Yogaterapia, o Grupo &#8216;Liberando o Homem Integral&#8217;. Ser\u00e3o quatro encontros, das 19h \u00e0s 22h, a partir do dia 8 de abril. O grupo ser\u00e1 facilitado pelo terapeuta Fernando Sujan e Paulo Henrique Martins. O objetivo \u00e9 trabalhar a sa\u00fade integral do masculino [&hellip;]<\/p>\n","protected":false},"author":1,"featured_media":20017,"comment_status":"open","ping_status":"open","sticky":false,"template":"","format":"standard","meta":{"om_disable_all_campaigns":false,"_monsterinsights_skip_tracking":false,"_monsterinsights_sitenote_active":false,"_monsterinsights_sitenote_note":"","_monsterinsights_sitenote_category":0,"footnotes":""},"categories":[8,214],"tags":[237],"acf":[],"publishpress_future_action":{"enabled":false,"date":"1969-12-31 21:00:00","action":"","terms":[],"taxonomy":"","browser_timezone_offset":0},"_links":{"self":[{"href":"https:\/\/portalfloresnoar.com\/floresnoar\/wp-json\/wp\/v2\/posts\/20015"}],"collection":[{"href":"https:\/\/portalfloresnoar.com\/floresnoar\/wp-json\/wp\/v2\/posts"}],"about":[{"href":"https:\/\/portalfloresnoar.com\/floresnoar\/wp-json\/wp\/v2\/types\/post"}],"author":[{"embeddable":true,"href":"https:\/\/portalfloresnoar.com\/floresnoar\/wp-json\/wp\/v2\/users\/1"}],"replies":[{"embeddable":true,"href":"https:\/\/portalfloresnoar.com\/floresnoar\/wp-json\/wp\/v2\/comments?post=20015"}],"version-history":[{"count":0,"href":"https:\/\/portalfloresnoar.com\/floresnoar\/wp-json\/wp\/v2\/posts\/20015\/revisions"}],"wp:featuredmedia":[{"embeddable":true,"href":"https:\/\/portalfloresnoar.com\/floresnoar\/wp-json\/wp\/v2\/media\/20017"}],"wp:attachment":[{"href":"https:\/\/portalfloresnoar.com\/floresnoar\/wp-json\/wp\/v2\/media?parent=20015"}],"wp:term":[{"taxonomy":"category","embeddable":true,"href":"https:\/\/portalfloresnoar.com\/floresnoar\/wp-json\/wp\/v2\/categories?post=20015"},{"taxonomy":"post_tag","embeddable":true,"href":"https:\/\/portalfloresnoar.com\/floresnoar\/wp-json\/wp\/v2\/tags?post=20015"}],"curies":[{"name":"wp","href":"https:\/\/api.w.org\/{rel}","templated":true}]}}