

{"id":19943,"date":"2015-03-11T14:35:07","date_gmt":"2015-03-11T17:35:07","guid":{"rendered":"http:\/\/portalfloresnoar.com\/floresnoar\/?p=19943"},"modified":"2015-03-26T10:17:09","modified_gmt":"2015-03-26T13:17:09","slug":"cromoterpia-clinica-com-cecilia-padilha-no-gerar","status":"publish","type":"post","link":"https:\/\/portalfloresnoar.com\/floresnoar\/cromoterpia-clinica-com-cecilia-padilha-no-gerar\/","title":{"rendered":"Cromoterapia Cl\u00ednica com Cec\u00edlia Padilha no Espa\u00e7o Gerar"},"content":{"rendered":"<p><img decoding=\"async\" loading=\"lazy\" class=\"aligncenter size-full wp-image-19945\" alt=\"cromoterapia recife\" src=\"http:\/\/portalfloresnoar.com\/floresnoar\/wp-content\/uploads\/2015\/03\/cromoterapia-recife.jpg\" width=\"594\" height=\"1286\" srcset=\"https:\/\/portalfloresnoar.com\/floresnoar\/wp-content\/uploads\/2015\/03\/cromoterapia-recife.jpg 594w, https:\/\/portalfloresnoar.com\/floresnoar\/wp-content\/uploads\/2015\/03\/cromoterapia-recife-138x300.jpg 138w\" sizes=\"(max-width: 594px) 100vw, 594px\" \/><\/p>\n<p>A Cromoterapia cada vez mais vem sendo utilizada e aprovada para tratamentos de sintomatologias f\u00edsicas e emocionais. Pesquisas v\u00eam demonstrando a efic\u00e1cia dessa t\u00e9cnica que j\u00e1 \u00e9 conhecida como sistema hol\u00edstico de medicina natural.\u00a0As propriedades terap\u00eauticas de cada cor atuam na preven\u00e7\u00e3o, tratamento e cura de doen\u00e7as f\u00edsicas e emocionais. \u00a0Atendimentos em Cromoterapia Cl\u00ednica v\u00eam sendo oferecidos pela\u00a0terapeuta Integral, Cec\u00edlia Padilha, no Espa\u00e7o Gerar, no bairro de Casa Forte, no Recife.<\/p>\n<p>A cromoterapia consta da rela\u00e7\u00e3o das principais terapias alternativas ou complementares reconhecidas pela OMS desde 1976, de acordo com a Confer\u00eancia Internacional de Atendimentos Prim\u00e1rios em Sa\u00fade de 1962, em Alma-Ata, no Cazaquist\u00e3o. \u00a0Por ser uma t\u00e9cnica de cura n\u00e3o invasiva, pode ser ministrada como tratamento complementar \u00e0 medicina convencional, n\u00e3o interferindo na a\u00e7\u00e3o das prescri\u00e7\u00f5es m\u00e9dicas, ou como terapia preventiva.<\/p>\n<p>SERVI\u00c7O<br \/>\n<b>Cromoterapia Cl\u00ednica com Cec\u00edlia Padilha<\/b><br \/>\n<b>Marca\u00e7\u00e3o de atendimentos pelos telefones<\/b>: (81) 8528-7544 \/ (81) 9567\u20134554<br \/>\n<b>E-mail :<\/b>\u00a0<a href=\"mailto:atendimentos.terapeuticos@gmail.com\">atendimentos.terapeuticos@gmail.com<\/a><\/p>\n<p><b>Local: Gerar Arteterapia e Bem-Estar \u2013<\/b>\u00a0Rua Jorge de Albuquerque, 103, Casa Forte, Recife-PE<br \/>\n<b>Telefone:<\/b>\u00a0(81) 3268-1749<br \/>\n<a href=\"http:\/\/www.gerararteterapiaebemestar.com\/\">http:\/\/www.gerararteterapiaebemestar.com<\/a><\/p>\n<p><em>Para maiores informa\u00e7\u00f5es, acesse o SITE:\u00a0<a href=\"http:\/\/www.suaqualidadedevida.com\/\">http:\/\/www.suaqualidadedevida.com\/<\/a><\/em><\/p>\n<p><em>Para assinar o feed de not\u00edcias sobre Cromoterapia,\u00a0 envie um e-mail para\u00a0<a href=\"mailto:cromoterapia.noticias@gmail.com\">cromoterapia.noticias@gmail.com<\/a>, solicitando a inclus\u00e3o no cadastro.<\/em><\/p>\n<p><em>\u00a0<\/em><\/p>\n<p>&nbsp;<\/p>\n","protected":false},"excerpt":{"rendered":"<p>A Cromoterapia cada vez mais vem sendo utilizada e aprovada para tratamentos de sintomatologias f\u00edsicas e emocionais. Pesquisas v\u00eam demonstrando a efic\u00e1cia dessa t\u00e9cnica que j\u00e1 \u00e9 conhecida como sistema hol\u00edstico de medicina natural.\u00a0As propriedades terap\u00eauticas de cada cor atuam na preven\u00e7\u00e3o, tratamento e cura de doen\u00e7as f\u00edsicas e emocionais. \u00a0Atendimentos em Cromoterapia Cl\u00ednica v\u00eam [&hellip;]<\/p>\n","protected":false},"author":1,"featured_media":19944,"comment_status":"open","ping_status":"open","sticky":false,"template":"","format":"standard","meta":{"om_disable_all_campaigns":false,"_monsterinsights_skip_tracking":false,"_monsterinsights_sitenote_active":false,"_monsterinsights_sitenote_note":"","_monsterinsights_sitenote_category":0,"footnotes":""},"categories":[8,9,214],"tags":[135],"acf":[],"publishpress_future_action":{"enabled":false,"date":"1969-12-31 21:00:00","action":"","terms":[],"taxonomy":"","browser_timezone_offset":0},"_links":{"self":[{"href":"https:\/\/portalfloresnoar.com\/floresnoar\/wp-json\/wp\/v2\/posts\/19943"}],"collection":[{"href":"https:\/\/portalfloresnoar.com\/floresnoar\/wp-json\/wp\/v2\/posts"}],"about":[{"href":"https:\/\/portalfloresnoar.com\/floresnoar\/wp-json\/wp\/v2\/types\/post"}],"author":[{"embeddable":true,"href":"https:\/\/portalfloresnoar.com\/floresnoar\/wp-json\/wp\/v2\/users\/1"}],"replies":[{"embeddable":true,"href":"https:\/\/portalfloresnoar.com\/floresnoar\/wp-json\/wp\/v2\/comments?post=19943"}],"version-history":[{"count":0,"href":"https:\/\/portalfloresnoar.com\/floresnoar\/wp-json\/wp\/v2\/posts\/19943\/revisions"}],"wp:featuredmedia":[{"embeddable":true,"href":"https:\/\/portalfloresnoar.com\/floresnoar\/wp-json\/wp\/v2\/media\/19944"}],"wp:attachment":[{"href":"https:\/\/portalfloresnoar.com\/floresnoar\/wp-json\/wp\/v2\/media?parent=19943"}],"wp:term":[{"taxonomy":"category","embeddable":true,"href":"https:\/\/portalfloresnoar.com\/floresnoar\/wp-json\/wp\/v2\/categories?post=19943"},{"taxonomy":"post_tag","embeddable":true,"href":"https:\/\/portalfloresnoar.com\/floresnoar\/wp-json\/wp\/v2\/tags?post=19943"}],"curies":[{"name":"wp","href":"https:\/\/api.w.org\/{rel}","templated":true}]}}