

{"id":19856,"date":"2015-02-02T15:57:22","date_gmt":"2015-02-02T18:57:22","guid":{"rendered":"http:\/\/portalfloresnoar.com\/floresnoar\/?p=19856"},"modified":"2015-03-04T11:16:18","modified_gmt":"2015-03-04T14:16:18","slug":"palestra-educacao-viva-com-paulina-romaniello","status":"publish","type":"post","link":"https:\/\/portalfloresnoar.com\/floresnoar\/palestra-educacao-viva-com-paulina-romaniello\/","title":{"rendered":"Palestra &#8216;Educa\u00e7\u00e3o Viva&#8217;, com Paulina Romaniello"},"content":{"rendered":"<p><img decoding=\"async\" loading=\"lazy\" class=\" wp-image-19857 alignleft\" alt=\"paulina 1\" src=\"http:\/\/portalfloresnoar.com\/floresnoar\/wp-content\/uploads\/2015\/02\/paulina-1.jpg\" width=\"286\" height=\"416\" srcset=\"https:\/\/portalfloresnoar.com\/floresnoar\/wp-content\/uploads\/2015\/02\/paulina-1.jpg 358w, https:\/\/portalfloresnoar.com\/floresnoar\/wp-content\/uploads\/2015\/02\/paulina-1-206x300.jpg 206w\" sizes=\"(max-width: 286px) 100vw, 286px\" \/><\/p>\n<p>Uma das guardi\u00e3s da Escola Viva Inkiri de Piracanga, Paulina Romaniello, far\u00e1 palestra no Recife no dia 3 de mar\u00e7o, com o tema Escola Viva. O encontro ser\u00e1 \u00e0s 20h30, no Espa\u00e7o Gerar, em Casa Forte. O investimento para participar \u00e9 de R$ 25,00.<\/p>\n<p>&#8220;A palestra \u00e9 aberta para todos aqueles que se interessam em outra forma de educa\u00e7\u00e3o, em outra forma de se relacionar com crian\u00e7as, baseando-se no respeito ao ser, na presen\u00e7a, no n\u00e3o julgamento nem na compara\u00e7\u00e3o. Uma op\u00e7\u00e3o de se relacionar colocando limites com amor, regras claras, tendo espa\u00e7os preparados. Uma educa\u00e7\u00e3o que confia na pureza do ser&#8221;, declara Paulina.<\/p>\n<p>SERVI\u00c7O<br \/>\nDia: 3 de mar\u00e7o de 2015<br \/>\nHora: 20h30<br \/>\nLocal: GERAR ARTETERAPIA E BEM-ESTAR &#8211; Rua Jorge de Albuquerque, 103, Casa Forte, Recife. Fone: (81) 3268.1749<br \/>\nValor: R$ 25,00<\/p>\n<p><strong>Contatos<\/strong><br \/>\nE-mail: contato@fontesdeluz.com.br<br \/>\nTelefones: (81) 9902.0991(TIM) 8823.5749 (OI)<\/p>\n","protected":false},"excerpt":{"rendered":"<p>Uma das guardi\u00e3s da Escola Viva Inkiri de Piracanga, Paulina Romaniello, far\u00e1 palestra no Recife no dia 3 de mar\u00e7o, com o tema Escola Viva. O encontro ser\u00e1 \u00e0s 20h30, no Espa\u00e7o Gerar, em Casa Forte. O investimento para participar \u00e9 de R$ 25,00. &#8220;A palestra \u00e9 aberta para todos aqueles que se interessam em [&hellip;]<\/p>\n","protected":false},"author":1,"featured_media":19858,"comment_status":"open","ping_status":"open","sticky":false,"template":"","format":"standard","meta":{"om_disable_all_campaigns":false,"_monsterinsights_skip_tracking":false,"_monsterinsights_sitenote_active":false,"_monsterinsights_sitenote_note":"","_monsterinsights_sitenote_category":0,"footnotes":""},"categories":[8,214],"tags":[],"acf":[],"publishpress_future_action":{"enabled":false,"date":"1969-12-31 21:00:00","action":"","terms":[],"taxonomy":"","browser_timezone_offset":0},"_links":{"self":[{"href":"https:\/\/portalfloresnoar.com\/floresnoar\/wp-json\/wp\/v2\/posts\/19856"}],"collection":[{"href":"https:\/\/portalfloresnoar.com\/floresnoar\/wp-json\/wp\/v2\/posts"}],"about":[{"href":"https:\/\/portalfloresnoar.com\/floresnoar\/wp-json\/wp\/v2\/types\/post"}],"author":[{"embeddable":true,"href":"https:\/\/portalfloresnoar.com\/floresnoar\/wp-json\/wp\/v2\/users\/1"}],"replies":[{"embeddable":true,"href":"https:\/\/portalfloresnoar.com\/floresnoar\/wp-json\/wp\/v2\/comments?post=19856"}],"version-history":[{"count":0,"href":"https:\/\/portalfloresnoar.com\/floresnoar\/wp-json\/wp\/v2\/posts\/19856\/revisions"}],"wp:featuredmedia":[{"embeddable":true,"href":"https:\/\/portalfloresnoar.com\/floresnoar\/wp-json\/wp\/v2\/media\/19858"}],"wp:attachment":[{"href":"https:\/\/portalfloresnoar.com\/floresnoar\/wp-json\/wp\/v2\/media?parent=19856"}],"wp:term":[{"taxonomy":"category","embeddable":true,"href":"https:\/\/portalfloresnoar.com\/floresnoar\/wp-json\/wp\/v2\/categories?post=19856"},{"taxonomy":"post_tag","embeddable":true,"href":"https:\/\/portalfloresnoar.com\/floresnoar\/wp-json\/wp\/v2\/tags?post=19856"}],"curies":[{"name":"wp","href":"https:\/\/api.w.org\/{rel}","templated":true}]}}