

{"id":19810,"date":"2015-02-01T17:06:02","date_gmt":"2015-02-01T20:06:02","guid":{"rendered":"http:\/\/portalfloresnoar.com\/floresnoar\/?p=19810"},"modified":"2015-03-01T12:19:35","modified_gmt":"2015-03-01T15:19:35","slug":"encontro-de-biodanca-na-chacara-esmeralda","status":"publish","type":"post","link":"https:\/\/portalfloresnoar.com\/floresnoar\/encontro-de-biodanca-na-chacara-esmeralda\/","title":{"rendered":"Encontro de Biodan\u00e7a na Ch\u00e1cara Esmeralda"},"content":{"rendered":"<p><img decoding=\"async\" loading=\"lazy\" class=\"aligncenter size-full wp-image-19811\" alt=\"biodan\u00e7a\" src=\"http:\/\/portalfloresnoar.com\/floresnoar\/wp-content\/uploads\/2015\/02\/biodan\u00e7a.jpg\" width=\"717\" height=\"423\" srcset=\"https:\/\/portalfloresnoar.com\/floresnoar\/wp-content\/uploads\/2015\/02\/biodan\u00e7a.jpg 717w, https:\/\/portalfloresnoar.com\/floresnoar\/wp-content\/uploads\/2015\/02\/biodan\u00e7a-300x176.jpg 300w\" sizes=\"(max-width: 717px) 100vw, 717px\" \/><\/p>\n<p>Neste s\u00e1bado, dia 28\/02\/2015, tem Biodan\u00e7a na Ch\u00e1cara Esmeralda. Os encontros acontecem mensalmente, sempre no \u00faltimo s\u00e1bado de cada m\u00eas, das\u00a010h \u00e0s 18h.<\/p>\n<p>A Biodan\u00e7a \u00e9 um trabalho realizado em grupo que estimula o aprendizado da comunica\u00e7\u00e3o, do cuidado e da coopera\u00e7\u00e3o, o que leva as pessoas a se relacionarem melhor e estabelecer v\u00ednculos afetivos. A pr\u00e1tica estimula a renova\u00e7\u00e3o e equil\u00edbrio org\u00e2nico, a resist\u00eancia imunol\u00f3gica, a energia vital e disposi\u00e7\u00e3o para a a\u00e7\u00e3o, substituindo o estresse pela harmonia.<\/p>\n<p>\u201cPraticar Biodan\u00e7a \u00e9 um convite a viver a vida com mais plenitude, harmonia, prazer e sensibilidade. Mudan\u00e7as fundamentais ocorrem na forma de ver, viver e sentir a vida, produzindo mais sa\u00fade, felicidade e coragem de viver. \u00c9 um espa\u00e7o onde se acolhe e se respeita a pessoa como ela est\u00e1. N\u00e3o importa saber dan\u00e7ar, porque a Biodan\u00e7a \u00e9 movimento pleno de sentido e n\u00e3o dan\u00e7a coreogr\u00e1fica. Cada um se expressa e aprende atrav\u00e9s do movimento dentro dos limites de sua capacidade e desejo\u201d, explica Roberto Pagano, facilitador do grupo.<\/p>\n<p><strong>Alguns benef\u00edcios da Biodan\u00e7a:<\/strong><br \/>\n&#8211; Revitaliza todo o organismo<br \/>\n&#8211; Combate o estresse e ins\u00f4nia<br \/>\n&#8211; Antidepressivo<br \/>\n&#8211; Fortalece o Sistema Imunol\u00f3gico<br \/>\n&#8211; Equilibra sistema neuroend\u00f3crino<br \/>\n&#8211; Restabelece as fun\u00e7\u00f5es sexuais<br \/>\n&#8211; Eleva a autoestima<br \/>\n&#8211; Promove assertividade e criatividade<\/p>\n<p><strong>Grupo de Biodan\u00e7a<\/strong><br \/>\n<strong>Data:<\/strong> mensal (sempre no \u00faltimo s\u00e1bado)<br \/>\n<strong>Local: <\/strong>Ch\u00e1cara Esmeralda \u2013 Estrada de Aldeia, km 8,2.<br \/>\n<strong>Mensalidade:<\/strong> R$ 80,00 (individual); R$ 120,00 (casal)<br \/>\n<strong>Facilitador<\/strong>: Roberto Pagano &#8211; Licenciado pela International Biocentric Fundation (IBF); Especializa\u00e7\u00e3o em Projeto Minotauro e \u00c1rvore dos Desejos.<\/p>\n<p><strong>Informa\u00e7\u00f5es\/Inscri\u00e7\u00f5es<\/strong><br \/>\nRoberto Pagano \u2013 8899.8261 robertopaganoluz@gmail.com<br \/>\nGoretti Melo \u2013 3426.8737 falagorettimelo@gmail.com<\/p>\n<p>ROTEIRO DA CH\u00c1CARA ESMERALDA<br \/>\n<img decoding=\"async\" loading=\"lazy\" class=\"aligncenter size-full wp-image-19812\" alt=\"roteiro chacara esmeralda\" src=\"http:\/\/portalfloresnoar.com\/floresnoar\/wp-content\/uploads\/2015\/02\/roteiro-chacara-esmeralda.jpg\" width=\"752\" height=\"568\" srcset=\"https:\/\/portalfloresnoar.com\/floresnoar\/wp-content\/uploads\/2015\/02\/roteiro-chacara-esmeralda.jpg 752w, https:\/\/portalfloresnoar.com\/floresnoar\/wp-content\/uploads\/2015\/02\/roteiro-chacara-esmeralda-300x226.jpg 300w, https:\/\/portalfloresnoar.com\/floresnoar\/wp-content\/uploads\/2015\/02\/roteiro-chacara-esmeralda-160x120.jpg 160w\" sizes=\"(max-width: 752px) 100vw, 752px\" \/><\/p>\n","protected":false},"excerpt":{"rendered":"<p>Neste s\u00e1bado, dia 28\/02\/2015, tem Biodan\u00e7a na Ch\u00e1cara Esmeralda. Os encontros acontecem mensalmente, sempre no \u00faltimo s\u00e1bado de cada m\u00eas, das\u00a010h \u00e0s 18h. A Biodan\u00e7a \u00e9 um trabalho realizado em grupo que estimula o aprendizado da comunica\u00e7\u00e3o, do cuidado e da coopera\u00e7\u00e3o, o que leva as pessoas a se relacionarem melhor e estabelecer v\u00ednculos afetivos. [&hellip;]<\/p>\n","protected":false},"author":1,"featured_media":19811,"comment_status":"open","ping_status":"open","sticky":false,"template":"","format":"standard","meta":{"om_disable_all_campaigns":false,"_monsterinsights_skip_tracking":false,"_monsterinsights_sitenote_active":false,"_monsterinsights_sitenote_note":"","_monsterinsights_sitenote_category":0,"footnotes":""},"categories":[8,214],"tags":[66],"acf":[],"publishpress_future_action":{"enabled":false,"date":"1969-12-31 21:00:00","action":"","terms":[],"taxonomy":"","browser_timezone_offset":0},"_links":{"self":[{"href":"https:\/\/portalfloresnoar.com\/floresnoar\/wp-json\/wp\/v2\/posts\/19810"}],"collection":[{"href":"https:\/\/portalfloresnoar.com\/floresnoar\/wp-json\/wp\/v2\/posts"}],"about":[{"href":"https:\/\/portalfloresnoar.com\/floresnoar\/wp-json\/wp\/v2\/types\/post"}],"author":[{"embeddable":true,"href":"https:\/\/portalfloresnoar.com\/floresnoar\/wp-json\/wp\/v2\/users\/1"}],"replies":[{"embeddable":true,"href":"https:\/\/portalfloresnoar.com\/floresnoar\/wp-json\/wp\/v2\/comments?post=19810"}],"version-history":[{"count":0,"href":"https:\/\/portalfloresnoar.com\/floresnoar\/wp-json\/wp\/v2\/posts\/19810\/revisions"}],"wp:featuredmedia":[{"embeddable":true,"href":"https:\/\/portalfloresnoar.com\/floresnoar\/wp-json\/wp\/v2\/media\/19811"}],"wp:attachment":[{"href":"https:\/\/portalfloresnoar.com\/floresnoar\/wp-json\/wp\/v2\/media?parent=19810"}],"wp:term":[{"taxonomy":"category","embeddable":true,"href":"https:\/\/portalfloresnoar.com\/floresnoar\/wp-json\/wp\/v2\/categories?post=19810"},{"taxonomy":"post_tag","embeddable":true,"href":"https:\/\/portalfloresnoar.com\/floresnoar\/wp-json\/wp\/v2\/tags?post=19810"}],"curies":[{"name":"wp","href":"https:\/\/api.w.org\/{rel}","templated":true}]}}