

{"id":19791,"date":"2015-03-01T15:52:08","date_gmt":"2015-03-01T18:52:08","guid":{"rendered":"http:\/\/portalfloresnoar.com\/floresnoar\/?p=19791"},"modified":"2015-03-06T11:36:56","modified_gmt":"2015-03-06T14:36:56","slug":"novo-centro-de-atendimento-e-estudos-em-psicologia-transpessoal-no-recife","status":"publish","type":"post","link":"https:\/\/portalfloresnoar.com\/floresnoar\/novo-centro-de-atendimento-e-estudos-em-psicologia-transpessoal-no-recife\/","title":{"rendered":"Novo centro de atendimento e estudos em Psicologia Transpessoal no Recife"},"content":{"rendered":"<p style=\"text-align: center;\"><img decoding=\"async\" loading=\"lazy\" class=\"aligncenter  wp-image-19792\" alt=\"phoenix\" src=\"http:\/\/portalfloresnoar.com\/floresnoar\/wp-content\/uploads\/2015\/02\/phoenix.jpg\" width=\"758\" height=\"1061\" srcset=\"https:\/\/portalfloresnoar.com\/floresnoar\/wp-content\/uploads\/2015\/02\/phoenix.jpg 842w, https:\/\/portalfloresnoar.com\/floresnoar\/wp-content\/uploads\/2015\/02\/phoenix-214x300.jpg 214w, https:\/\/portalfloresnoar.com\/floresnoar\/wp-content\/uploads\/2015\/02\/phoenix-731x1024.jpg 731w\" sizes=\"(max-width: 758px) 100vw, 758px\" \/><\/p>\n<p>Um novo espa\u00e7o de atendimento e estudos em Psicologia Transpessoal est\u00e1 aberto, no Recife, no bairro da Madalena. Coordenado pelo Psic\u00f3logo Erick Migge, o PHOENIX (Centro de Estudos e Atendimento em Psicologia Transpessoal) disp\u00f5e de atendimento psicoterap\u00eautico individual, casal e fam\u00edlia; palestras, cursos e oficinas, na perspectiva da Psicologia Transpessoal.<\/p>\n<p>A Psicologia Transpessoal \u00e9 uma das abordagens em psicologia que v\u00ea o ser humano como um ser bio-psico-social, espiritual e c\u00f3smico. \u00c9 considerada a 4\u00b0 For\u00e7a em psicologia. Foi desenvolvida na d\u00e9cada de 1960 por profissionais como Abraham Maslow, Stanislav Grof, Viktor Frankl entre outros, que identificaram na natureza humana aspectos al\u00e9m do pessoal.<\/p>\n<p>De forma geral, a Psicologia Transpessoal trabalha com os diferentes estados da consci\u00eancia, contribui no processo de amadurecimento dos n\u00edveis de consci\u00eancia, auxilia a desidentifica\u00e7\u00e3o de sentimentos e pensamentos r\u00edgidos e inadaptados, promove a expans\u00e3o da consci\u00eancia al\u00e9m dos cinco sentidos (audi\u00e7\u00e3o, vis\u00e3o, olfato, paladar e tato) e a integra\u00e7\u00e3o psicol\u00f3gica. Al\u00e9m disso, trabalha as dificuldades do cotidiano, e as queixas trazidas pelos clientes como todo processo psicoterap\u00eautico.<\/p>\n<p>Em mar\u00e7o de 2015 o PHONIX, em parceria com a Pura Luz Yoga, retoma suas atividades com v\u00e1rios eventos. Confira:<\/p>\n<p><strong>Dia 12\/03<\/strong> &#8211;\u00a0Palestra aberta sobre o que \u00e9 Psicologia Transpessoal<\/p>\n<p><strong>Dia\u00a0 14\/03<\/strong> &#8211; I m\u00f3dulo do Curso de Introdu\u00e7\u00e3o \u00e0 Psicologia Transpessoal<\/p>\n<p><strong>Dia 28\/03<\/strong> &#8211; Oficina \u201cConhece-te a ti mesmo\u201d.\u00a0 Esta oficina faz parte do ciclo de oficinas: \u201cUma jornada para Integra\u00e7\u00e3o Psicol\u00f3gica\u201d, aberta ao p\u00fablico.<\/p>\n<p>SERVI\u00c7O<br \/>\n# <strong>Palestra: \u201cO que \u00e9 Psicologia Transpessoal?\u201d<\/strong><br \/>\n<b>Data:<\/b> 12\/03\/15 (quinta-feira)<br \/>\n<b>Hor\u00e1rio:<\/b> 20h \u00e0s 21:30h<br \/>\n<b>Investimento:<\/b> R$20,00<br \/>\n<b>P\u00fablico Destinado:<\/b> Estudantes, Profissionais de Psicologia e \u00e1reas afins<br \/>\n<b>N\u00famero de Vagas: <\/b>20 vagas<\/p>\n<p># <strong>Curso de Introdu\u00e7\u00e3o \u00e0 Psicologia Transpessoal<\/strong><br \/>\n<b>I M\u00d3DULO: FUNDAMENTOS DA PSICOLOGIA TRANSPESSOAL<\/b><br \/>\n<b>Data:<\/b> 14\/03\/15 (segundo s\u00e1bado do m\u00eas)<br \/>\n<b>Hor\u00e1rio:<\/b> 8:30h \u00e0s 13h<br \/>\n<b>P\u00fablico Destinado:<\/b> estudantes e profissionais de psicologia, e \u00e1reas afins. (<b><i>CONFERE CERTIFCADO<\/i><\/b>)<br \/>\n<b>N\u00famero de Vagas:<\/b> 15 vagas<br \/>\n<b>Investimento<\/b><br \/>\n&#8211; Estudante de Gradua\u00e7\u00e3o: R$ 80,00 (at\u00e9 o dia 05\/03) R$ 100,00 (a partir do dia 06\/03)<br \/>\n&#8211; Profissional: R$120,00 (at\u00e9 o dia 05\/03) R$140,00 (a partir do dia 06\/03)<\/p>\n<p><strong># Ciclo de Oficinas: \u201cUma Jornada para Integra\u00e7\u00e3o Psicol\u00f3gica\u201d<\/strong><br \/>\n<b>1\u00b0 OFICINA \u2013 \u201cCONHECE-TE A TI MESMO\u201d\u00a0<\/b><b><\/b><br \/>\n<b>Data:<\/b> 28\/03\/15 (ultimo s\u00e1bado do m\u00eas)<br \/>\n<b>Hor\u00e1rio:<\/b> 9h as 13h<br \/>\n<b>Investimento:<\/b>\u00a0R$ 100,00 (at\u00e9 o dia 10\/03)\/ R$ 120,00 (a partir do dia 11\/03)<br \/>\n<b>P\u00fablico Destinado:\u00a0<\/b>aberto o p\u00fablico<br \/>\n<b>N\u00famero de Vagas:\u00a0<\/b>20 vagas<br \/>\n<b>Metodologia<\/b>: din\u00e2micas para contato com o pr\u00f3prio corpo, emo\u00e7\u00f5es, sentimentos, pensamentos, intui\u00e7\u00e3o, trecho de filme, medita\u00e7\u00e3o, desenhos e mandalas.<\/p>\n<p>Obs: As marca\u00e7\u00f5es para os atendimentos psicoterap\u00eauticos individual, casal e fam\u00edlia; orienta\u00e7\u00e3o e reorienta\u00e7\u00e3o profissional (\u201cvocacional\u201d)\u00a0s\u00e3o realizadas diretamente com o psic\u00f3logo de acordo com a disponibilidade da agenda.<\/p>\n<p><strong>Mais informa\u00e7\u00f5es e inscri\u00e7\u00f5es:<\/strong><br \/>\n<strong>Fones:<\/strong> (81) 3097-5184 \/8832-3250\/9801-0232<br \/>\n<strong>E-mail:<\/strong> phoenix.psicologiatranspessoal@gmail.com<br \/>\n<strong>Site:<\/strong> <span style=\"text-decoration: underline;\"><a href=\"http:\/\/phoenixpsicologiat.wix.com\/pcpt\" target=\"_blank\">http:\/\/phoenixpsicologiat.wix.com\/pcpt<\/a><\/span><br \/>\n<strong>Facebook: <\/strong><span style=\"text-decoration: underline;\"><a href=\"https:\/\/www.facebook.com\/phoenixpsitrans\">https:\/\/www.facebook.com\/phoenixpsitrans<\/a><\/span><\/p>\n","protected":false},"excerpt":{"rendered":"<p>Um novo espa\u00e7o de atendimento e estudos em Psicologia Transpessoal est\u00e1 aberto, no Recife, no bairro da Madalena. Coordenado pelo Psic\u00f3logo Erick Migge, o PHOENIX (Centro de Estudos e Atendimento em Psicologia Transpessoal) disp\u00f5e de atendimento psicoterap\u00eautico individual, casal e fam\u00edlia; palestras, cursos e oficinas, na perspectiva da Psicologia Transpessoal. A Psicologia Transpessoal \u00e9 uma [&hellip;]<\/p>\n","protected":false},"author":1,"featured_media":19793,"comment_status":"open","ping_status":"open","sticky":false,"template":"","format":"standard","meta":{"om_disable_all_campaigns":false,"_monsterinsights_skip_tracking":false,"_monsterinsights_sitenote_active":false,"_monsterinsights_sitenote_note":"","_monsterinsights_sitenote_category":0,"footnotes":""},"categories":[8,9,214],"tags":[81],"acf":[],"publishpress_future_action":{"enabled":false,"date":"1969-12-31 21:00:00","action":"","terms":[],"taxonomy":"","browser_timezone_offset":0},"_links":{"self":[{"href":"https:\/\/portalfloresnoar.com\/floresnoar\/wp-json\/wp\/v2\/posts\/19791"}],"collection":[{"href":"https:\/\/portalfloresnoar.com\/floresnoar\/wp-json\/wp\/v2\/posts"}],"about":[{"href":"https:\/\/portalfloresnoar.com\/floresnoar\/wp-json\/wp\/v2\/types\/post"}],"author":[{"embeddable":true,"href":"https:\/\/portalfloresnoar.com\/floresnoar\/wp-json\/wp\/v2\/users\/1"}],"replies":[{"embeddable":true,"href":"https:\/\/portalfloresnoar.com\/floresnoar\/wp-json\/wp\/v2\/comments?post=19791"}],"version-history":[{"count":0,"href":"https:\/\/portalfloresnoar.com\/floresnoar\/wp-json\/wp\/v2\/posts\/19791\/revisions"}],"wp:featuredmedia":[{"embeddable":true,"href":"https:\/\/portalfloresnoar.com\/floresnoar\/wp-json\/wp\/v2\/media\/19793"}],"wp:attachment":[{"href":"https:\/\/portalfloresnoar.com\/floresnoar\/wp-json\/wp\/v2\/media?parent=19791"}],"wp:term":[{"taxonomy":"category","embeddable":true,"href":"https:\/\/portalfloresnoar.com\/floresnoar\/wp-json\/wp\/v2\/categories?post=19791"},{"taxonomy":"post_tag","embeddable":true,"href":"https:\/\/portalfloresnoar.com\/floresnoar\/wp-json\/wp\/v2\/tags?post=19791"}],"curies":[{"name":"wp","href":"https:\/\/api.w.org\/{rel}","templated":true}]}}