

{"id":19774,"date":"2015-02-23T10:56:20","date_gmt":"2015-02-23T13:56:20","guid":{"rendered":"http:\/\/portalfloresnoar.com\/floresnoar\/?p=19774"},"modified":"2015-03-06T14:00:22","modified_gmt":"2015-03-06T17:00:22","slug":"recife-sedia-em-marco-o-i-encontro-nordestino-pelo-direito-a-comunicacao","status":"publish","type":"post","link":"https:\/\/portalfloresnoar.com\/floresnoar\/recife-sedia-em-marco-o-i-encontro-nordestino-pelo-direito-a-comunicacao\/","title":{"rendered":"Recife sedia de 12 a 14 de mar\u00e7o o I Encontro Nordestino pelo Direito \u00e0 Comunica\u00e7\u00e3o"},"content":{"rendered":"<p style=\"text-align: center;\"><img decoding=\"async\" loading=\"lazy\" class=\"aligncenter  wp-image-19775\" alt=\"enedc\" src=\"http:\/\/portalfloresnoar.com\/floresnoar\/wp-content\/uploads\/2015\/02\/enedc.png\" width=\"681\" height=\"252\" srcset=\"https:\/\/portalfloresnoar.com\/floresnoar\/wp-content\/uploads\/2015\/02\/enedc.png 851w, https:\/\/portalfloresnoar.com\/floresnoar\/wp-content\/uploads\/2015\/02\/enedc-300x111.png 300w\" sizes=\"(max-width: 681px) 100vw, 681px\" \/><\/p>\n<p>\u00c0s v\u00e9speras do II Encontro Nacional pelo Direito \u00e0 Comunica\u00e7\u00e3o (10 a 12 de abril), que ser\u00e1 realizado em Belo Horizonte, a sede do primeiro ENDC receber\u00e1 o Encontro Nordestino pelo Direito \u00e0 Comunica\u00e7\u00e3o (ENeDC \u2013 12 a 14 de mar\u00e7o). A Universidade Cat\u00f3lica de Pernambuco, no Recife, receber\u00e1 lideran\u00e7as de diversos estados da regi\u00e3o, para trocar informa\u00e7\u00f5es sobre as lutas em cada cidade e tamb\u00e9m entre os diferentes segmentos da luta pelo direito \u00e0 comunica\u00e7\u00e3o: midiativistas, academia, comunicadores comunit\u00e1rios e populares, dirigentes de emissoras p\u00fablicas, sindicatos, coletivos, operadores do direito e representantes de entidades da sociedade civil. O I EneDC ter\u00e1 como mote: \u201cSomando vozes pela liberdade de express\u00e3o!\u201d<\/p>\n<p>O evento est\u00e1 sendo organizado de forma coletiva pelo Centro de Cultura Luiz Freire, F\u00f3rum Pernambucano de Comunica\u00e7\u00e3o\/FNDC-PE e diversas entidades parceiras por todo o Nordeste. Qualquer pessoa pode se inscrever para participar e mesmo para realizar atividades autogestionadas como rodas de dialogos, oficinas, apresenta\u00e7\u00e3o de trabalhos cient\u00edficos ou relatos de experi\u00eancia.<\/p>\n<p>Ap\u00f3s as elei\u00e7\u00f5es de 2014, o debate sobre a m\u00eddia ganhou for\u00e7a, mas nem sempre tem sido evidenciado o discurso dos movimentos sociais. Na pauta desses grupos, est\u00e1 o fortalecimento do sistema p\u00fablico, o combate \u00e0 censura, a sustentabilidade da comunica\u00e7\u00e3o popular, local, independente e comunit\u00e1ria, e \u2013 naturalmente \u2013 a constru\u00e7\u00e3o de estrat\u00e9gias para uma regula\u00e7\u00e3o democr\u00e1tica da radiodifus\u00e3o.<\/p>\n<p>O \u201cterreno\u201d \u00e9 f\u00e9rtil para se fazer este debate ganhar for\u00e7a em nosso pa\u00eds. Precisamos reconhecer a dimens\u00e3o do momento hist\u00f3rico que se expressa atrav\u00e9s do fortalecimento dos coletivos organizados via internet na produ\u00e7\u00e3o de conte\u00fado para diferentes movimentos sociais. Ao mesmo tempo, \u00e9 preciso discutir e evidenciar as persegui\u00e7\u00f5es a comunicadores populares, como os representantes de r\u00e1dios comunit\u00e1rias que est\u00e3o sofrendo processos judiciais.<\/p>\n<p>Dessa necessidade que temos de n\u00e3o s\u00f3 discutir esses temas (na academia e em outros c\u00edrculos), mas principalmente reuni-los e unir for\u00e7as para que estejamos juntos na luta pela democratiza\u00e7\u00e3o da comunica\u00e7\u00e3o nasce o ENeDC. Com esse objetivo, e buscando preparar suas lideran\u00e7as para o Encontro Nacional do Direito \u00e0 Comunica\u00e7\u00e3o, uma s\u00e9rie de entidades est\u00e1 se organizando para realizar o encontro, no Recife. Venha tamb\u00e9m somar sua voz \u00e0 luta pela liberdade de express\u00e3o no Nordeste!<\/p>\n<p>Para mais informa\u00e7\u00f5es e inscri\u00e7\u00f5es, visite a\u00a0<a href=\"https:\/\/www.facebook.com\/%20encontroNe\" target=\"_blank\">fan page do I ENeDC no Facebook.<\/a><\/p>\n","protected":false},"excerpt":{"rendered":"<p>\u00c0s v\u00e9speras do II Encontro Nacional pelo Direito \u00e0 Comunica\u00e7\u00e3o (10 a 12 de abril), que ser\u00e1 realizado em Belo Horizonte, a sede do primeiro ENDC receber\u00e1 o Encontro Nordestino pelo Direito \u00e0 Comunica\u00e7\u00e3o (ENeDC \u2013 12 a 14 de mar\u00e7o). A Universidade Cat\u00f3lica de Pernambuco, no Recife, receber\u00e1 lideran\u00e7as de diversos estados da regi\u00e3o, [&hellip;]<\/p>\n","protected":false},"author":1,"featured_media":19776,"comment_status":"open","ping_status":"open","sticky":false,"template":"","format":"standard","meta":{"om_disable_all_campaigns":false,"_monsterinsights_skip_tracking":false,"_monsterinsights_sitenote_active":false,"_monsterinsights_sitenote_note":"","_monsterinsights_sitenote_category":0,"footnotes":""},"categories":[8,214],"tags":[49],"acf":[],"publishpress_future_action":{"enabled":false,"date":"1969-12-31 21:00:00","action":"","terms":[],"taxonomy":"","browser_timezone_offset":0},"_links":{"self":[{"href":"https:\/\/portalfloresnoar.com\/floresnoar\/wp-json\/wp\/v2\/posts\/19774"}],"collection":[{"href":"https:\/\/portalfloresnoar.com\/floresnoar\/wp-json\/wp\/v2\/posts"}],"about":[{"href":"https:\/\/portalfloresnoar.com\/floresnoar\/wp-json\/wp\/v2\/types\/post"}],"author":[{"embeddable":true,"href":"https:\/\/portalfloresnoar.com\/floresnoar\/wp-json\/wp\/v2\/users\/1"}],"replies":[{"embeddable":true,"href":"https:\/\/portalfloresnoar.com\/floresnoar\/wp-json\/wp\/v2\/comments?post=19774"}],"version-history":[{"count":0,"href":"https:\/\/portalfloresnoar.com\/floresnoar\/wp-json\/wp\/v2\/posts\/19774\/revisions"}],"wp:featuredmedia":[{"embeddable":true,"href":"https:\/\/portalfloresnoar.com\/floresnoar\/wp-json\/wp\/v2\/media\/19776"}],"wp:attachment":[{"href":"https:\/\/portalfloresnoar.com\/floresnoar\/wp-json\/wp\/v2\/media?parent=19774"}],"wp:term":[{"taxonomy":"category","embeddable":true,"href":"https:\/\/portalfloresnoar.com\/floresnoar\/wp-json\/wp\/v2\/categories?post=19774"},{"taxonomy":"post_tag","embeddable":true,"href":"https:\/\/portalfloresnoar.com\/floresnoar\/wp-json\/wp\/v2\/tags?post=19774"}],"curies":[{"name":"wp","href":"https:\/\/api.w.org\/{rel}","templated":true}]}}