

{"id":19731,"date":"2015-02-08T12:33:15","date_gmt":"2015-02-08T15:33:15","guid":{"rendered":"http:\/\/portalfloresnoar.com\/floresnoar\/?p=19731"},"modified":"2015-02-12T11:03:12","modified_gmt":"2015-02-12T14:03:12","slug":"palestra-gratuita-e-lancamento-do-livro-emagreca-sem-duvida-dia-272-na-livraria-cultura","status":"publish","type":"post","link":"https:\/\/portalfloresnoar.com\/floresnoar\/palestra-gratuita-e-lancamento-do-livro-emagreca-sem-duvida-dia-272-na-livraria-cultura\/","title":{"rendered":"Palestra gratuita e lan\u00e7amento do livro &#8216;Emagre\u00e7a sem d\u00favida&#8217;, dia 27\/2, na Livraria Cultura"},"content":{"rendered":"<p><img decoding=\"async\" loading=\"lazy\" class=\"aligncenter size-full wp-image-19732\" alt=\"eric slywitch\" src=\"http:\/\/portalfloresnoar.com\/floresnoar\/wp-content\/uploads\/2015\/02\/eric-slywitch.png\" width=\"700\" height=\"700\" srcset=\"https:\/\/portalfloresnoar.com\/floresnoar\/wp-content\/uploads\/2015\/02\/eric-slywitch.png 700w, https:\/\/portalfloresnoar.com\/floresnoar\/wp-content\/uploads\/2015\/02\/eric-slywitch-150x150.png 150w, https:\/\/portalfloresnoar.com\/floresnoar\/wp-content\/uploads\/2015\/02\/eric-slywitch-300x300.png 300w, https:\/\/portalfloresnoar.com\/floresnoar\/wp-content\/uploads\/2015\/02\/eric-slywitch-100x100.png 100w\" sizes=\"(max-width: 700px) 100vw, 700px\" \/><\/p>\n<p>O 29\u00ba Cultura Veg realiza no dia 27 de fevereiro, \u00e0s 19h, na Livraria Cultura (Pa\u00e7o Alf\u00e2ndega, Recife Antigo), palestra e lan\u00e7amento do livro &#8216;Emagre\u00e7a sem d\u00favida&#8217;, de Dr, Eric Slywitch Sexta. O Cultura Veg tem um formato de duas horas de palestra, seguida de debate e lanche. Durante o lanche, o autor ir\u00e1 autografar os livros. O evento \u00e9 gratuito!<\/p>\n<p>Dr Eric Slywitch \u00e9 m\u00e9dico, Mestre em Nutri\u00e7\u00e3o (Unifesp\/EPM), Especialista em Nutrologia, Especialista em Nutri\u00e7\u00e3o Parenteral e Enteral, P\u00f3s-graduado em Nutri\u00e7\u00e3o Cl\u00ednica. Docente dos cursos de especializa\u00e7\u00e3o (p\u00f3s-gradua\u00e7\u00e3o latu sensu) no Grupo de Apoio de Nutri\u00e7\u00e3o Enteral e Parenteral (Ganep), no Instituto de Pesquisa, Capacita\u00e7\u00e3o e Especializa\u00e7\u00e3o (IPCE) e Faculdades CBES (Col\u00e9gio Brasileiro de Estudos Sist\u00eamicos). Diretor do Departamento de Medicina e Nutri\u00e7\u00e3o da SVB. Autor dos livros: \u201cAlimenta\u00e7\u00e3o sem carne \u2013 guia pr\u00e1tico\u201d, \u201cVirei vegetariano. E agora?\u201d e &#8220;Emagre\u00e7a sem d\u00favida&#8221;.<\/p>\n<p>Evento no Facebook: <a href=\"https:\/\/www.facebook.com\/events\/415666765253678\/?source=1\" target=\"_blank\">https:\/\/www.facebook.com\/events\/415666765253678\/?source=1<\/a><\/p>\n","protected":false},"excerpt":{"rendered":"<p>O 29\u00ba Cultura Veg realiza no dia 27 de fevereiro, \u00e0s 19h, na Livraria Cultura (Pa\u00e7o Alf\u00e2ndega, Recife Antigo), palestra e lan\u00e7amento do livro &#8216;Emagre\u00e7a sem d\u00favida&#8217;, de Dr, Eric Slywitch Sexta. O Cultura Veg tem um formato de duas horas de palestra, seguida de debate e lanche. Durante o lanche, o autor ir\u00e1 autografar [&hellip;]<\/p>\n","protected":false},"author":1,"featured_media":19733,"comment_status":"open","ping_status":"open","sticky":false,"template":"","format":"standard","meta":{"om_disable_all_campaigns":false,"_monsterinsights_skip_tracking":false,"_monsterinsights_sitenote_active":false,"_monsterinsights_sitenote_note":"","_monsterinsights_sitenote_category":0,"footnotes":""},"categories":[8,214],"tags":[],"acf":[],"publishpress_future_action":{"enabled":false,"date":"1969-12-31 21:00:00","action":"","terms":[],"taxonomy":"","browser_timezone_offset":0},"_links":{"self":[{"href":"https:\/\/portalfloresnoar.com\/floresnoar\/wp-json\/wp\/v2\/posts\/19731"}],"collection":[{"href":"https:\/\/portalfloresnoar.com\/floresnoar\/wp-json\/wp\/v2\/posts"}],"about":[{"href":"https:\/\/portalfloresnoar.com\/floresnoar\/wp-json\/wp\/v2\/types\/post"}],"author":[{"embeddable":true,"href":"https:\/\/portalfloresnoar.com\/floresnoar\/wp-json\/wp\/v2\/users\/1"}],"replies":[{"embeddable":true,"href":"https:\/\/portalfloresnoar.com\/floresnoar\/wp-json\/wp\/v2\/comments?post=19731"}],"version-history":[{"count":0,"href":"https:\/\/portalfloresnoar.com\/floresnoar\/wp-json\/wp\/v2\/posts\/19731\/revisions"}],"wp:featuredmedia":[{"embeddable":true,"href":"https:\/\/portalfloresnoar.com\/floresnoar\/wp-json\/wp\/v2\/media\/19733"}],"wp:attachment":[{"href":"https:\/\/portalfloresnoar.com\/floresnoar\/wp-json\/wp\/v2\/media?parent=19731"}],"wp:term":[{"taxonomy":"category","embeddable":true,"href":"https:\/\/portalfloresnoar.com\/floresnoar\/wp-json\/wp\/v2\/categories?post=19731"},{"taxonomy":"post_tag","embeddable":true,"href":"https:\/\/portalfloresnoar.com\/floresnoar\/wp-json\/wp\/v2\/tags?post=19731"}],"curies":[{"name":"wp","href":"https:\/\/api.w.org\/{rel}","templated":true}]}}