

{"id":19720,"date":"2015-02-11T19:49:18","date_gmt":"2015-02-11T22:49:18","guid":{"rendered":"http:\/\/portalfloresnoar.com\/floresnoar\/?p=19720"},"modified":"2015-03-12T14:41:49","modified_gmt":"2015-03-12T17:41:49","slug":"encontro-do-nutrindo-o-ser-grupo-de-autoconhecimento-e-revelacao-do-ser","status":"publish","type":"post","link":"https:\/\/portalfloresnoar.com\/floresnoar\/encontro-do-nutrindo-o-ser-grupo-de-autoconhecimento-e-revelacao-do-ser\/","title":{"rendered":"Encontro aberto do &#8216;Nutrindo o Ser &#8211; Grupo de Autoconhecimento e Revela\u00e7\u00e3o do Ser&#8217;"},"content":{"rendered":"<p><img decoding=\"async\" loading=\"lazy\" class=\"aligncenter size-full wp-image-19722\" alt=\"nutrindo o ser\" src=\"http:\/\/portalfloresnoar.com\/floresnoar\/wp-content\/uploads\/2015\/02\/nutrindo-o-ser.jpg\" width=\"595\" height=\"842\" srcset=\"https:\/\/portalfloresnoar.com\/floresnoar\/wp-content\/uploads\/2015\/02\/nutrindo-o-ser.jpg 595w, https:\/\/portalfloresnoar.com\/floresnoar\/wp-content\/uploads\/2015\/02\/nutrindo-o-ser-211x300.jpg 211w\" sizes=\"(max-width: 595px) 100vw, 595px\" \/><\/p>\n<p>&#8216;Nutrindo o Ser&#8217; \u00e9 um grupo de autodesenvolvimento cont\u00ednuo\u00a0que tem como prop\u00f3sito o autoconhecimento e revela\u00e7\u00e3o do Ser.\u00a0A proposta \u00e9 realizar ciclos de aprofundamento com temas relacionados ao &#8216;Despertar&#8217; e &#8216;Expans\u00e3o de Consci\u00eancia&#8217;, atrav\u00e9s de reflex\u00f5es, viv\u00eancias, compartilhamento de experi\u00eancias e medita\u00e7\u00f5es.\u00a0&#8220;\u00c9 um convite para\u00a0empreender uma jornada interior de conex\u00e3o com a parte essencial do nosso Ser&#8221;,\u00a0declara Elza Nunes, facilitadora do Nutrindo o Ser.<\/p>\n<p>Em 2015 os encontros ser\u00e3o iniciados no <strong>dia 2 de mar\u00e7o<\/strong>, \u00e0s 19h30, com uma viv\u00eancia aberta a novos participantes. O grupo se repune quinzenalmente,\u00a0\u00e0s segundas-feiras, das 19h \u00e0s 21h30, no Espa\u00e7o Jasmine.<\/p>\n<p><span style=\"line-height: 1.714285714; letter-spacing: 0em;\">&#8220;O\u00a0<\/span><span style=\"line-height: 1.714285714; letter-spacing: 0em;\">grupo iniciou sua jornada em abril de 2014 e\u00a0<\/span><span style=\"line-height: 1.714285714; letter-spacing: 0em;\">de l\u00e1 pra c\u00e1 tivemos oportunidade de experienciar v\u00e1rios encontros, p<\/span><span style=\"line-height: 1.714285714; letter-spacing: 0em;\">rimeiro conosco e com algumas das nossas partes que estavam relegadas,\u00a0<\/span><span style=\"line-height: 1.714285714; letter-spacing: 0em;\">depois com os outros (dentro e fora do grupo)&#8221;, conta Elza Nunes.<\/span><\/p>\n<p><span style=\"letter-spacing: 0em; line-height: 22px;\">Inscri\u00e7\u00f5es para o encontro aberto podem ser feitas <span style=\"text-decoration: underline;\"><strong><a href=\"https:\/\/docs.google.com\/forms\/d\/1Zj44xGvHhJBuaE9yomB8RbLmHfwDukHHUv26C-VtzLg\/viewform?c=0&amp;w=1\" target=\"_blank\">aqui<\/a><\/strong><\/span>!<\/span><\/p>\n<div>SERVI\u00c7O<\/div>\n<div><b>NUTRINDO O SER <\/b>&#8211;\u00a0Grupo de Autoconhecimento e Revela\u00e7\u00e3o do Ser<br \/>\n<strong>Dias:<\/strong> quinzenalmente, \u00e0s segundas-feiras<br \/>\n<strong>Hor\u00e1rio:<\/strong> 19:00 \u00e0s 21:30<br \/>\n<strong>Local:\u00a0<\/strong>Espa\u00e7o Jasmine &#8211; Rua Marechal Rondon, 138 &#8211; Casa Forte, Recife\/PE<\/div>\n<div><\/div>\n<div>\n<p><b>Encontro aberto: <\/b>02\/03\/2015, \u00e0s\u00a019h30<\/p>\n<\/div>\n<p><strong>Mais informa\u00e7\u00f5es:<\/strong><br \/>\nElza Nunes: (81) 9662.8205 (tim) 81 8924.1261 (claro)<br \/>\nelnunes@hotmail.com<\/p>\n","protected":false},"excerpt":{"rendered":"<p>&#8216;Nutrindo o Ser&#8217; \u00e9 um grupo de autodesenvolvimento cont\u00ednuo\u00a0que tem como prop\u00f3sito o autoconhecimento e revela\u00e7\u00e3o do Ser.\u00a0A proposta \u00e9 realizar ciclos de aprofundamento com temas relacionados ao &#8216;Despertar&#8217; e &#8216;Expans\u00e3o de Consci\u00eancia&#8217;, atrav\u00e9s de reflex\u00f5es, viv\u00eancias, compartilhamento de experi\u00eancias e medita\u00e7\u00f5es.\u00a0&#8220;\u00c9 um convite para\u00a0empreender uma jornada interior de conex\u00e3o com a parte essencial do [&hellip;]<\/p>\n","protected":false},"author":1,"featured_media":19727,"comment_status":"open","ping_status":"open","sticky":false,"template":"","format":"standard","meta":{"om_disable_all_campaigns":false,"_monsterinsights_skip_tracking":false,"_monsterinsights_sitenote_active":false,"_monsterinsights_sitenote_note":"","_monsterinsights_sitenote_category":0,"footnotes":""},"categories":[8,214],"tags":[],"acf":[],"publishpress_future_action":{"enabled":false,"date":"1969-12-31 21:00:00","action":"","terms":[],"taxonomy":"","browser_timezone_offset":0},"_links":{"self":[{"href":"https:\/\/portalfloresnoar.com\/floresnoar\/wp-json\/wp\/v2\/posts\/19720"}],"collection":[{"href":"https:\/\/portalfloresnoar.com\/floresnoar\/wp-json\/wp\/v2\/posts"}],"about":[{"href":"https:\/\/portalfloresnoar.com\/floresnoar\/wp-json\/wp\/v2\/types\/post"}],"author":[{"embeddable":true,"href":"https:\/\/portalfloresnoar.com\/floresnoar\/wp-json\/wp\/v2\/users\/1"}],"replies":[{"embeddable":true,"href":"https:\/\/portalfloresnoar.com\/floresnoar\/wp-json\/wp\/v2\/comments?post=19720"}],"version-history":[{"count":0,"href":"https:\/\/portalfloresnoar.com\/floresnoar\/wp-json\/wp\/v2\/posts\/19720\/revisions"}],"wp:featuredmedia":[{"embeddable":true,"href":"https:\/\/portalfloresnoar.com\/floresnoar\/wp-json\/wp\/v2\/media\/19727"}],"wp:attachment":[{"href":"https:\/\/portalfloresnoar.com\/floresnoar\/wp-json\/wp\/v2\/media?parent=19720"}],"wp:term":[{"taxonomy":"category","embeddable":true,"href":"https:\/\/portalfloresnoar.com\/floresnoar\/wp-json\/wp\/v2\/categories?post=19720"},{"taxonomy":"post_tag","embeddable":true,"href":"https:\/\/portalfloresnoar.com\/floresnoar\/wp-json\/wp\/v2\/tags?post=19720"}],"curies":[{"name":"wp","href":"https:\/\/api.w.org\/{rel}","templated":true}]}}