

{"id":19679,"date":"2015-02-12T13:07:16","date_gmt":"2015-02-12T16:07:16","guid":{"rendered":"http:\/\/portalfloresnoar.com\/floresnoar\/?p=19679"},"modified":"2015-03-19T14:29:12","modified_gmt":"2015-03-19T17:29:12","slug":"curso-8-encontros-com-a-danca-do-ventre-curativa-e-a-autoconfianca","status":"publish","type":"post","link":"https:\/\/portalfloresnoar.com\/floresnoar\/curso-8-encontros-com-a-danca-do-ventre-curativa-e-a-autoconfianca\/","title":{"rendered":"Curso &#8216;8 Encontros com a Dan\u00e7a do Ventre Curativa e a Autoconfian\u00e7a&#8217;"},"content":{"rendered":"<p style=\"text-align: left;\"><img decoding=\"async\" loading=\"lazy\" class=\"wp-image-19700 alignleft\" alt=\"olhar\" src=\"http:\/\/portalfloresnoar.com\/floresnoar\/wp-content\/uploads\/2015\/02\/olhar.jpg\" width=\"303\" height=\"180\" srcset=\"https:\/\/portalfloresnoar.com\/floresnoar\/wp-content\/uploads\/2015\/02\/olhar.jpg 505w, https:\/\/portalfloresnoar.com\/floresnoar\/wp-content\/uploads\/2015\/02\/olhar-300x178.jpg 300w\" sizes=\"(max-width: 303px) 100vw, 303px\" \/><\/p>\n<p>No dia 18 de mar\u00e7o (quarta-feira), \u00e0s 19h, no Espa\u00e7o Surya, acontecer\u00e1 novamente a viv\u00eancia do primeiro encontro do curso: &#8216;8 encontros com a Dan\u00e7a do Ventre Curativa&#8217;. Em virtude da procura, a terapeuta Josie Duarte abrir\u00e1 no dia 18 esse encontro extra para as novas interessadas em participar do curso.<\/p>\n<p>Interessadas entrar em contato com o Espaco Surya no telefone: 3126-0524 ou WhatsApp: 81 9513-5242.<\/p>\n<p>As inscri\u00e7\u00f5es est\u00e3o abertas ate o dia 17 de mar\u00e7o!<\/p>\n<p>Os encontros acontecem no Espa\u00e7o Surya, em Boa Viagem, e s\u00e3o quinzenais, sempre nas quartas-feiras, das 19h \u00e0s 21h.<\/p>\n<p>A Dan\u00e7a do Ventre Curativa tem como foco o autoconhecimento atrav\u00e9s da dan\u00e7a, com escutas conscientes no processo de abrir movimentos a emo\u00e7\u00f5es que nos impedem de entender a autoconfian\u00e7a em nosso &#8216;aqui-agora&#8217;nas nossas atitudes&#8221;, declara a terapeuta corporal Josie Duarte, que neste ano de 2015 completa 17 anos de viv\u00eancia e pesquisa com a Dan\u00e7a do Ventre Curativa.<\/p>\n<p>&#8220;Essa metodologia \u00e9 aplicada complementarmente a todas ferramentas terap\u00eauticas emocionais e corporais, sendo direcionada a toda mulher que deseja conhecer como vem significando sua autoconfian\u00e7a a partir da escuta de seu pr\u00f3prio corpo. A Dan\u00e7a do Ventre \u00e9 nossa bussola de percep\u00e7\u00e3o. A partir dos movimentos da Dan\u00e7a, ricos em detalhes e express\u00e3o, que perduram por civiliza\u00e7\u00f5es, podemos reconhecer um novo significado \u00e0 autoconfian\u00e7a, conhecendo e reconhecendo regi\u00f5es de nosso corpo onde as emo\u00e7\u00f5es se revelam&#8221;, explica Josie.<\/p>\n<p><strong>Curso 8 Encontros com a Dan\u00e7a do Ventre Curativa e a Autoconfian\u00e7a<\/strong><br \/>\nIn\u00edcio: 18 de mar\u00e7o<br \/>\nDura\u00e7\u00e3o: 4 meses (8 encontros)<br \/>\nHor\u00e1rio: 19h \u00e0s 21h<br \/>\nSurya Espa\u00e7o de Bem-Estar &#8211; Endere\u00e7o: Rua Dona Benvinda de Farias, 622 \u2013 Boa Viagem<br \/>\nTelefone: (81) 3126-0524<br \/>\nInvestimento: R$ 560,00 ( 4 X de R$ 140,00).<\/p>\n<p><em>obs: As mulheres que inciaram na turma no dia 4 de mar\u00e7o, se quiserem, poder\u00e3o vivenciar novamente o primeiro tema: A Desconfian\u00e7a.<\/em><\/p>\n<p>CRONOGRAMA DO CURSO<br \/>\n<strong>18 de mar\u00e7o<\/strong> \u2013 Tema: <strong>A desconfian\u00e7a. Entender e dan\u00e7ar esse sentimento e tudo que est\u00e1 em seu abdomem. Ouvindo meu corpo I.<\/strong><\/p>\n<p><strong>25 de mar\u00e7o<\/strong> \u2013 Tema: <strong>Inseguran\u00e7a. Entendendo a dan\u00e7a de um ventre entre pensamentos e atitudes. Qualidades de concentra\u00e7\u00e3o.<\/strong><\/p>\n<p><strong>8 de abril<\/strong> \u2013 Tema: <strong>Honestidade. O tempo do corpo captar o que sinto. Um ventre em delicadeza e movimentos.<\/strong><\/p>\n<p><strong>22 de abril<\/strong> \u2013 Tema: <strong>Capacidades. Movimentos que me apoiam na dan\u00e7a do Ventre em dar e receber. Hoje decido. Construindo algo sobre mim mesma?<\/strong><\/p>\n<p><strong>6 de maio<\/strong> &#8211; Tema: <strong>Julgamentos para o corpo. A dan\u00e7a do ventre e minha coluna vertebral.<\/strong><\/p>\n<p><strong>20 de maio<\/strong> \u2013 Tema: <strong>Angustia como pedido de ajuda ao movimento. Escuta e certezas honestas no caminho da maturidade emocional. A dan\u00e7a do ventre que me apoia. O olhar em espa\u00e7os que dou a mim mesma e ao outro.<\/strong><\/p>\n<p><strong>3 junho<\/strong> &#8211; Tema: <strong>Deixar ir, sem perguntas. Ressentimentos e o ventre. Uma Escuta.<\/strong><\/p>\n<p><strong>17 de junho<\/strong> \u2013 Tema: <strong>Confio. A Dan\u00e7a do meu ventre agora se restabelece. Encerramento. <\/strong><\/p>\n","protected":false},"excerpt":{"rendered":"<p>No dia 18 de mar\u00e7o (quarta-feira), \u00e0s 19h, no Espa\u00e7o Surya, acontecer\u00e1 novamente a viv\u00eancia do primeiro encontro do curso: &#8216;8 encontros com a Dan\u00e7a do Ventre Curativa&#8217;. Em virtude da procura, a terapeuta Josie Duarte abrir\u00e1 no dia 18 esse encontro extra para as novas interessadas em participar do curso. Interessadas entrar em contato [&hellip;]<\/p>\n","protected":false},"author":1,"featured_media":19725,"comment_status":"open","ping_status":"open","sticky":false,"template":"","format":"standard","meta":{"om_disable_all_campaigns":false,"_monsterinsights_skip_tracking":false,"_monsterinsights_sitenote_active":false,"_monsterinsights_sitenote_note":"","_monsterinsights_sitenote_category":0,"footnotes":""},"categories":[8,214],"tags":[],"acf":[],"publishpress_future_action":{"enabled":false,"date":"1969-12-31 21:00:00","action":"","terms":[],"taxonomy":"","browser_timezone_offset":0},"_links":{"self":[{"href":"https:\/\/portalfloresnoar.com\/floresnoar\/wp-json\/wp\/v2\/posts\/19679"}],"collection":[{"href":"https:\/\/portalfloresnoar.com\/floresnoar\/wp-json\/wp\/v2\/posts"}],"about":[{"href":"https:\/\/portalfloresnoar.com\/floresnoar\/wp-json\/wp\/v2\/types\/post"}],"author":[{"embeddable":true,"href":"https:\/\/portalfloresnoar.com\/floresnoar\/wp-json\/wp\/v2\/users\/1"}],"replies":[{"embeddable":true,"href":"https:\/\/portalfloresnoar.com\/floresnoar\/wp-json\/wp\/v2\/comments?post=19679"}],"version-history":[{"count":0,"href":"https:\/\/portalfloresnoar.com\/floresnoar\/wp-json\/wp\/v2\/posts\/19679\/revisions"}],"wp:featuredmedia":[{"embeddable":true,"href":"https:\/\/portalfloresnoar.com\/floresnoar\/wp-json\/wp\/v2\/media\/19725"}],"wp:attachment":[{"href":"https:\/\/portalfloresnoar.com\/floresnoar\/wp-json\/wp\/v2\/media?parent=19679"}],"wp:term":[{"taxonomy":"category","embeddable":true,"href":"https:\/\/portalfloresnoar.com\/floresnoar\/wp-json\/wp\/v2\/categories?post=19679"},{"taxonomy":"post_tag","embeddable":true,"href":"https:\/\/portalfloresnoar.com\/floresnoar\/wp-json\/wp\/v2\/tags?post=19679"}],"curies":[{"name":"wp","href":"https:\/\/api.w.org\/{rel}","templated":true}]}}