

{"id":19588,"date":"2015-02-15T06:00:39","date_gmt":"2015-02-15T09:00:39","guid":{"rendered":"http:\/\/portalfloresnoar.com\/floresnoar\/?p=19588"},"modified":"2015-02-25T17:05:41","modified_gmt":"2015-02-25T20:05:41","slug":"oficina-e-curso-de-formacao-em-tre-no-libertas","status":"publish","type":"post","link":"https:\/\/portalfloresnoar.com\/floresnoar\/oficina-e-curso-de-formacao-em-tre-no-libertas\/","title":{"rendered":"Oficina e Curso de Forma\u00e7\u00e3o em TRE no Libertas"},"content":{"rendered":"<p><img decoding=\"async\" loading=\"lazy\" class=\"aligncenter size-full wp-image-19589\" alt=\"tre_libertas_2015\" src=\"http:\/\/portalfloresnoar.com\/floresnoar\/wp-content\/uploads\/2015\/01\/tre_libertas_2015.jpg\" width=\"598\" height=\"908\" srcset=\"https:\/\/portalfloresnoar.com\/floresnoar\/wp-content\/uploads\/2015\/01\/tre_libertas_2015.jpg 598w, https:\/\/portalfloresnoar.com\/floresnoar\/wp-content\/uploads\/2015\/01\/tre_libertas_2015-197x300.jpg 197w\" sizes=\"(max-width: 598px) 100vw, 598px\" \/><\/p>\n<p>O Libertas promove nos dias\u00a027 e 28 de fevereiro a\u00a0Oficina e Curso de Forma\u00e7\u00e3o em TRE (Exerc\u00edcios para Libera\u00e7\u00e3o de Trauma e Estresse P\u00f3s-Traum\u00e1tico).\u00a0O objetivo \u00e9\u00a0tratar os medos e os bloqueios ocasionados por situa\u00e7\u00f5es, atrav\u00e9s de exerc\u00edcios que visam liberar as tens\u00f5es profundas, desenvolvidas no organismo durante uma experi\u00eancia traum\u00e1tica.<\/p>\n<p><strong>Mais informa\u00e7\u00f5es:<\/strong><br \/>\n<strong>Fones:<\/strong> 81- 3268.3596\/ 3441.7462<br \/>\n<strong>E-mail:<\/strong> libertas@libertas.com.br<br \/>\n<strong>Site:<\/strong>\u00a0<a href=\"http:\/\/www.libertas.com.br\/\" target=\"_blank\">http:\/\/www.libertas.com.br\/<\/a><\/p>\n","protected":false},"excerpt":{"rendered":"<p>O Libertas promove nos dias\u00a027 e 28 de fevereiro a\u00a0Oficina e Curso de Forma\u00e7\u00e3o em TRE (Exerc\u00edcios para Libera\u00e7\u00e3o de Trauma e Estresse P\u00f3s-Traum\u00e1tico).\u00a0O objetivo \u00e9\u00a0tratar os medos e os bloqueios ocasionados por situa\u00e7\u00f5es, atrav\u00e9s de exerc\u00edcios que visam liberar as tens\u00f5es profundas, desenvolvidas no organismo durante uma experi\u00eancia traum\u00e1tica. Mais informa\u00e7\u00f5es: Fones: 81- 3268.3596\/ [&hellip;]<\/p>\n","protected":false},"author":1,"featured_media":19590,"comment_status":"open","ping_status":"open","sticky":false,"template":"","format":"standard","meta":{"om_disable_all_campaigns":false,"_monsterinsights_skip_tracking":false,"_monsterinsights_sitenote_active":false,"_monsterinsights_sitenote_note":"","_monsterinsights_sitenote_category":0,"footnotes":""},"categories":[8,214],"tags":[],"acf":[],"publishpress_future_action":{"enabled":false,"date":"1969-12-31 21:00:00","action":"","terms":[],"taxonomy":"","browser_timezone_offset":0},"_links":{"self":[{"href":"https:\/\/portalfloresnoar.com\/floresnoar\/wp-json\/wp\/v2\/posts\/19588"}],"collection":[{"href":"https:\/\/portalfloresnoar.com\/floresnoar\/wp-json\/wp\/v2\/posts"}],"about":[{"href":"https:\/\/portalfloresnoar.com\/floresnoar\/wp-json\/wp\/v2\/types\/post"}],"author":[{"embeddable":true,"href":"https:\/\/portalfloresnoar.com\/floresnoar\/wp-json\/wp\/v2\/users\/1"}],"replies":[{"embeddable":true,"href":"https:\/\/portalfloresnoar.com\/floresnoar\/wp-json\/wp\/v2\/comments?post=19588"}],"version-history":[{"count":0,"href":"https:\/\/portalfloresnoar.com\/floresnoar\/wp-json\/wp\/v2\/posts\/19588\/revisions"}],"wp:featuredmedia":[{"embeddable":true,"href":"https:\/\/portalfloresnoar.com\/floresnoar\/wp-json\/wp\/v2\/media\/19590"}],"wp:attachment":[{"href":"https:\/\/portalfloresnoar.com\/floresnoar\/wp-json\/wp\/v2\/media?parent=19588"}],"wp:term":[{"taxonomy":"category","embeddable":true,"href":"https:\/\/portalfloresnoar.com\/floresnoar\/wp-json\/wp\/v2\/categories?post=19588"},{"taxonomy":"post_tag","embeddable":true,"href":"https:\/\/portalfloresnoar.com\/floresnoar\/wp-json\/wp\/v2\/tags?post=19588"}],"curies":[{"name":"wp","href":"https:\/\/api.w.org\/{rel}","templated":true}]}}