

{"id":19569,"date":"2015-01-06T10:07:33","date_gmt":"2015-01-06T13:07:33","guid":{"rendered":"http:\/\/portalfloresnoar.com\/floresnoar\/?p=19569"},"modified":"2015-02-04T16:09:53","modified_gmt":"2015-02-04T19:09:53","slug":"encontro-gratuito-de-biodanca-na-chacara-esmeralda","status":"publish","type":"post","link":"https:\/\/portalfloresnoar.com\/floresnoar\/encontro-gratuito-de-biodanca-na-chacara-esmeralda\/","title":{"rendered":"Encontro gratuito de Biodan\u00e7a na Ch\u00e1cara Esmeralda"},"content":{"rendered":"<p><img decoding=\"async\" loading=\"lazy\" class=\"aligncenter size-full wp-image-19570\" alt=\"Biodan\u00e7a-01\" src=\"http:\/\/portalfloresnoar.com\/floresnoar\/wp-content\/uploads\/2015\/01\/Biodan\u00e7a-01.jpg\" width=\"717\" height=\"423\" srcset=\"https:\/\/portalfloresnoar.com\/floresnoar\/wp-content\/uploads\/2015\/01\/Biodan\u00e7a-01.jpg 717w, https:\/\/portalfloresnoar.com\/floresnoar\/wp-content\/uploads\/2015\/01\/Biodan\u00e7a-01-300x176.jpg 300w\" sizes=\"(max-width: 717px) 100vw, 717px\" \/><br \/>\nA Ch\u00e1cara Esmeralda realiza no dia 31 de janeiro de 2015, das 10h \u00e0s 18h, um encontro de Biodan\u00e7a em Aldeia. Este primeiro encontro ser\u00e1 gratuito. Os interessados em continuar participando do grupo, contribuem mensalmente com a taxa de R$ 80,00 (individual) e R$ 120,00 (casal). Os encontros acontecem sempre no \u00faltimo s\u00e1bado do m\u00eas.<\/p>\n<p>Estrada de Aldeia km 8,2<\/p>\n<p><strong>Grupo mensal (sempre no \u00faltimo s\u00e1bado)<\/strong><br \/>\n<strong>Primeiro encontro<\/strong>: 31.01.15, das 10h \u00e0s 18h &#8211; GRATUITO<br \/>\n<strong>Local:<\/strong> Ch\u00e1cara Esmeralda &#8211; Estrada de Aldeia, km 8,2.<br \/>\n<strong>Mensalidade:<\/strong> R$ 80,00 (individual); R$ 120,00 (casal)<br \/>\n<span style=\"line-height: 1.714285714; letter-spacing: 0em;\"><strong>Facilitador:<\/strong> Roberto Pagano &#8211;\u00a0<\/span>Licenciado pela International Biocentric Fundation (IBF);\u00a0Especializa\u00e7\u00e3o em Projeto Minotauro e \u00c1rvore dos Desejos.<\/p>\n<p><strong>Informa\u00e7\u00f5es\/Inscri\u00e7\u00f5es<\/strong><br \/>\nRoberto Pagano \u2013 8899.8261 robertopaganoluz@gmail.com<br \/>\nGoretti Melo \u2013 3426.8737 falagorettimelo@gmail.com<\/p>\n<p><strong>ROTEIRO DA CH\u00c1CARA ESMERALDA<\/strong><\/p>\n<p><img decoding=\"async\" loading=\"lazy\" class=\"aligncenter size-full wp-image-19571\" alt=\"Roteiro Chacara Esmeralda\" src=\"http:\/\/portalfloresnoar.com\/floresnoar\/wp-content\/uploads\/2015\/01\/Roteiro-Chacara-Esmeralda.jpg\" width=\"752\" height=\"568\" srcset=\"https:\/\/portalfloresnoar.com\/floresnoar\/wp-content\/uploads\/2015\/01\/Roteiro-Chacara-Esmeralda.jpg 752w, https:\/\/portalfloresnoar.com\/floresnoar\/wp-content\/uploads\/2015\/01\/Roteiro-Chacara-Esmeralda-300x226.jpg 300w, https:\/\/portalfloresnoar.com\/floresnoar\/wp-content\/uploads\/2015\/01\/Roteiro-Chacara-Esmeralda-160x120.jpg 160w\" sizes=\"(max-width: 752px) 100vw, 752px\" \/><\/p>\n","protected":false},"excerpt":{"rendered":"<p>A Ch\u00e1cara Esmeralda realiza no dia 31 de janeiro de 2015, das 10h \u00e0s 18h, um encontro de Biodan\u00e7a em Aldeia. Este primeiro encontro ser\u00e1 gratuito. Os interessados em continuar participando do grupo, contribuem mensalmente com a taxa de R$ 80,00 (individual) e R$ 120,00 (casal). Os encontros acontecem sempre no \u00faltimo s\u00e1bado do m\u00eas. [&hellip;]<\/p>\n","protected":false},"author":1,"featured_media":19570,"comment_status":"open","ping_status":"open","sticky":false,"template":"","format":"standard","meta":{"om_disable_all_campaigns":false,"_monsterinsights_skip_tracking":false,"_monsterinsights_sitenote_active":false,"_monsterinsights_sitenote_note":"","_monsterinsights_sitenote_category":0,"footnotes":""},"categories":[8,214],"tags":[66],"acf":[],"publishpress_future_action":{"enabled":false,"date":"1969-12-31 21:00:00","action":"","terms":[],"taxonomy":"","browser_timezone_offset":0},"_links":{"self":[{"href":"https:\/\/portalfloresnoar.com\/floresnoar\/wp-json\/wp\/v2\/posts\/19569"}],"collection":[{"href":"https:\/\/portalfloresnoar.com\/floresnoar\/wp-json\/wp\/v2\/posts"}],"about":[{"href":"https:\/\/portalfloresnoar.com\/floresnoar\/wp-json\/wp\/v2\/types\/post"}],"author":[{"embeddable":true,"href":"https:\/\/portalfloresnoar.com\/floresnoar\/wp-json\/wp\/v2\/users\/1"}],"replies":[{"embeddable":true,"href":"https:\/\/portalfloresnoar.com\/floresnoar\/wp-json\/wp\/v2\/comments?post=19569"}],"version-history":[{"count":0,"href":"https:\/\/portalfloresnoar.com\/floresnoar\/wp-json\/wp\/v2\/posts\/19569\/revisions"}],"wp:featuredmedia":[{"embeddable":true,"href":"https:\/\/portalfloresnoar.com\/floresnoar\/wp-json\/wp\/v2\/media\/19570"}],"wp:attachment":[{"href":"https:\/\/portalfloresnoar.com\/floresnoar\/wp-json\/wp\/v2\/media?parent=19569"}],"wp:term":[{"taxonomy":"category","embeddable":true,"href":"https:\/\/portalfloresnoar.com\/floresnoar\/wp-json\/wp\/v2\/categories?post=19569"},{"taxonomy":"post_tag","embeddable":true,"href":"https:\/\/portalfloresnoar.com\/floresnoar\/wp-json\/wp\/v2\/tags?post=19569"}],"curies":[{"name":"wp","href":"https:\/\/api.w.org\/{rel}","templated":true}]}}