

{"id":19405,"date":"2014-12-27T19:42:49","date_gmt":"2014-12-27T22:42:49","guid":{"rendered":"http:\/\/portalfloresnoar.com\/floresnoar\/?p=19405"},"modified":"2017-04-26T23:26:31","modified_gmt":"2017-04-27T02:26:31","slug":"o-que-dizem-os-oraculos-sobre-2015","status":"publish","type":"post","link":"https:\/\/portalfloresnoar.com\/floresnoar\/o-que-dizem-os-oraculos-sobre-2015\/","title":{"rendered":"O que dizem os or\u00e1culos sobre 2015"},"content":{"rendered":"<p><img decoding=\"async\" loading=\"lazy\" class=\"aligncenter size-full wp-image-19406\" alt=\"Orix\u00e1s 2015\" src=\"http:\/\/portalfloresnoar.com\/floresnoar\/wp-content\/uploads\/2014\/12\/Orix\u00e1s-2015.jpg\" width=\"427\" height=\"287\" srcset=\"https:\/\/portalfloresnoar.com\/floresnoar\/wp-content\/uploads\/2014\/12\/Orix\u00e1s-2015.jpg 427w, https:\/\/portalfloresnoar.com\/floresnoar\/wp-content\/uploads\/2014\/12\/Orix\u00e1s-2015-300x201.jpg 300w\" sizes=\"(max-width: 427px) 100vw, 427px\" \/><\/p>\n<p>| <em>Por Lu Rabelo<\/em> |<\/p>\n<p>Sempre que vai come\u00e7ar um novo ano tenho curiosidade acerca do que apontam os or\u00e1culos para o novo ciclo. Fiz uma pesquisa na internet e compreendi que 2015 \u00e9 um ano vermelho, de paix\u00e3o, vitalidade. Um ano de luta. Ano de a\u00e7\u00e3o, realiza\u00e7\u00e3o! Os instintos estar\u00e3o acesos e a ousadia presente. \u00c9 tempo de assumir a responsabilidade pelos nossos atos e decis\u00f5es.\u00a0Tempo de estar bem atento \u00e0 Lei da A\u00e7\u00e3o e Rea\u00e7\u00e3o. \u00c9 tempo de maturidade!<\/p>\n<p>Abaixo compartilho o que anunciam os Orix\u00e1s, a Astrologia e a Numerologia.<\/p>\n<p>2015 ser\u00e1 guiado pelos orix\u00e1s <b>Ogum e Iemanj\u00e1<\/b>. Ele Guerreiro, ela M\u00e3e, Rainha do Mar. Um ano de luta e consci\u00eancia.<\/p>\n<p>\u201cComo estes dois orix\u00e1s s\u00e3o materializadores, devemos lutar perante os problemas e dificuldades que se apresentarem, pois somente o perseverante, o insistente, o lutador, o trabalhador que arrega\u00e7ar as mangas, ter\u00e1 vit\u00f3ria neste ano\u201d, conta Pai Sandro, acrescentando que \u00e9<b> <\/b>\u201cum ano que pede pressa, que se executem as coisas e n\u00e3o se deixe para amanh\u00e3 o que se pode fazer hoje. \u00c9 para fazer, agir e n\u00e3o ficar esperando\u201d.<\/p>\n<p>Carlos de Ogum confirma que o regente de 2015 ser\u00e1 Pai Ogum, que vir\u00e1 acompanhado pela vibra\u00e7\u00e3o intensa de\u00a0M\u00e3e Iemanj\u00e1. &#8220;Teremos tamb\u00e9m uma forte irradia\u00e7\u00e3o de Ex\u00fa por um longo per\u00edodo do ano de 2015, que com isso dar\u00e1 for\u00e7a extrema \u00e0 vibra\u00e7\u00e3o de Ogum&#8221;, anuncia Carlos de Ogum.<\/p>\n<p>O ano de 2015 ter\u00e1 <b>Marte<\/b> como planeta regente, astro batizado com o nome do Deus da Guerra (Mitologia Romana). Seu elemento \u00e9 o Fogo. De acordo com a astr\u00f3loga Graziella Marraccini, as qualidades marcianas s\u00e3o coragem, esp\u00edrito de iniciativa, virilidade, empreendedorismo, dinamismo, a\u00e7\u00e3o, poder de lideran\u00e7a. Os defeitos s\u00e3o raiva, viol\u00eancia, brutalidade, imprud\u00eancia, ci\u00fame, ego\u00edsmo. H\u00e1 de se ter cuidado com o autoritarismo, a agressividade, a arrog\u00e2ncia, a impulsividade, a impaci\u00eancia.<\/p>\n<p>\u201cPodemos direcionar nossas a\u00e7\u00f5es e incitar aqueles projetos que ainda n\u00e3o foram concretizados. Tamb\u00e9m podemos canalizar Marte despertando uma libido saud\u00e1vel, uma energia sexual fogosa, atividade indispens\u00e1vel \u00e0 nossa sa\u00fade\u201d, lembra Graziella.<\/p>\n<p>\u00c9 muit\u00edssimo indicada a pr\u00e1tica de atividade f\u00edsica para canalizar a energia marciana, revigorando e conectando corpo e mente.<\/p>\n<p><b>8 (\u221e)\u00a0\u00e9 o n\u00famero <\/b>s\u00edntese de 2015! De acordo com a Numerologia \u00e9 obtido por meio da soma dos algarismos que comp\u00f5em o ano: 2+0+1+5 = 8. Oito \u00e9 um numeral c\u00e1rmico! \u201cMas n\u00e3o no sentido negativo ou religioso que comumente essa palavra \u00e9 usada, se referindo a algo ruim que temos de \u2018suportar e sofrer at\u00e9 pagar\u2019. Carma \u00e9 simplesmente a Lei da A\u00e7\u00e3o e Rea\u00e7\u00e3o. Coloca-se um pensamento, uma emo\u00e7\u00e3o e uma a\u00e7\u00e3o em movimento. Como consequ\u00eancia natural, recebemos um efeito. Nada mais justo. Aquilo que plantamos, colhemos\u201d, explica o numer\u00f3logo, astr\u00f3logo e tar\u00f3logo Yubertson Miranda, lembrando que \u201cpor isso, 2015 ser\u00e1 um ano em que precisaremos ter muita responsabilidade sobre nossas decis\u00f5es\u201d.<\/p>\n<p>\u201cO 8 \u00e9 um n\u00famero que representa o maior potencial de <b>realiza\u00e7\u00e3o<\/b> na Numerologia. Seu poder de<b> concretizar<\/b> o que se ambiciona conquistar \u00e9 magn\u00edfico\u201d, destaca Yubertson Miranda. Para alcan\u00e7ar o que se deseja, ser\u00e1 necess\u00e1rio tra\u00e7ar metas e estrat\u00e9gias, agindo com planejamento e organiza\u00e7\u00e3o. \u201cE, claro, ser bem persistente diante dos desafios, porque a simbologia do 8 mostra que o caminho n\u00e3o \u00e9 f\u00e1cil. \u00c9 preciso ter muita disposi\u00e7\u00e3o f\u00edsica (vontade de trabalhar bastante) e autocontrole para n\u00e3o se sentir derrotado logo diante dos primeiros obst\u00e1culos. Valorize o processo de cumprir degrau por degrau cada etapa para realizar as tarefas que levar\u00e3o voc\u00ea at\u00e9 o objetivo pretendido\u201d.<\/p>\n<p><em>Fontes de pesquisa:<\/em><br \/>\n<a href=\"http:\/\/www.personare.com.br\/numerologia-revela-tendencias-para-2015-m5535\" target=\"_blank\">http:\/\/www.personare.com.br\/numerologia-revela-tendencias-para-2015-m5535<\/a><br \/>\n<a href=\"https:\/\/dialogospoliticos.wordpress.com\/2014\/11\/03\/ogum-e-iemanja-os-orixas-regentes-de-2015\/\" target=\"_blank\">https:\/\/dialogospoliticos.wordpress.com\/2014\/11\/03\/ogum-e-iemanja-os-orixas-regentes-de-2015\/<\/a><br \/>\n<a href=\"http:\/\/umbandayorima.blogspot.com.br\/2014\/12\/orixa-regente-do-ano-de-2015.html\" target=\"_blank\">http:\/\/umbandayorima.blogspot.com.br\/2014\/12\/orixa-regente-do-ano-de-2015.html<\/a><br \/>\n<a href=\"http:\/\/somostodosum.ig.com.br\/conteudo\/c.asp?id=14117\" target=\"_blank\">http:\/\/somostodosum.ig.com.br\/conteudo\/c.asp?id=14117<\/a><\/p>\n","protected":false},"excerpt":{"rendered":"<p>| Por Lu Rabelo | Sempre que vai come\u00e7ar um novo ano tenho curiosidade acerca do que apontam os or\u00e1culos para o novo ciclo. Fiz uma pesquisa na internet e compreendi que 2015 \u00e9 um ano vermelho, de paix\u00e3o, vitalidade. Um ano de luta. Ano de a\u00e7\u00e3o, realiza\u00e7\u00e3o! Os instintos estar\u00e3o acesos e a ousadia [&hellip;]<\/p>\n","protected":false},"author":1,"featured_media":19436,"comment_status":"open","ping_status":"open","sticky":false,"template":"","format":"standard","meta":{"om_disable_all_campaigns":false,"_monsterinsights_skip_tracking":false,"_monsterinsights_sitenote_active":false,"_monsterinsights_sitenote_note":"","_monsterinsights_sitenote_category":0,"footnotes":""},"categories":[9],"tags":[18,232,174],"acf":[],"publishpress_future_action":{"enabled":false,"date":"1969-12-31 21:00:00","action":"","terms":[],"taxonomy":"","browser_timezone_offset":0},"_links":{"self":[{"href":"https:\/\/portalfloresnoar.com\/floresnoar\/wp-json\/wp\/v2\/posts\/19405"}],"collection":[{"href":"https:\/\/portalfloresnoar.com\/floresnoar\/wp-json\/wp\/v2\/posts"}],"about":[{"href":"https:\/\/portalfloresnoar.com\/floresnoar\/wp-json\/wp\/v2\/types\/post"}],"author":[{"embeddable":true,"href":"https:\/\/portalfloresnoar.com\/floresnoar\/wp-json\/wp\/v2\/users\/1"}],"replies":[{"embeddable":true,"href":"https:\/\/portalfloresnoar.com\/floresnoar\/wp-json\/wp\/v2\/comments?post=19405"}],"version-history":[{"count":0,"href":"https:\/\/portalfloresnoar.com\/floresnoar\/wp-json\/wp\/v2\/posts\/19405\/revisions"}],"wp:featuredmedia":[{"embeddable":true,"href":"https:\/\/portalfloresnoar.com\/floresnoar\/wp-json\/wp\/v2\/media\/19436"}],"wp:attachment":[{"href":"https:\/\/portalfloresnoar.com\/floresnoar\/wp-json\/wp\/v2\/media?parent=19405"}],"wp:term":[{"taxonomy":"category","embeddable":true,"href":"https:\/\/portalfloresnoar.com\/floresnoar\/wp-json\/wp\/v2\/categories?post=19405"},{"taxonomy":"post_tag","embeddable":true,"href":"https:\/\/portalfloresnoar.com\/floresnoar\/wp-json\/wp\/v2\/tags?post=19405"}],"curies":[{"name":"wp","href":"https:\/\/api.w.org\/{rel}","templated":true}]}}