

{"id":1939,"date":"2012-08-10T11:40:42","date_gmt":"2012-08-10T14:40:42","guid":{"rendered":"http:\/\/portalfloresnoar.hospedagemdesites.ws\/floresnoar\/?p=1939"},"modified":"2012-08-10T11:40:42","modified_gmt":"2012-08-10T14:40:42","slug":"projeto-inclusao-e-reabilitacao-na-gravidez-adolescente-abre-vagas","status":"publish","type":"post","link":"https:\/\/portalfloresnoar.com\/floresnoar\/projeto-inclusao-e-reabilitacao-na-gravidez-adolescente-abre-vagas\/","title":{"rendered":"Projeto &#8216;Inclus\u00e3o e Reabilita\u00e7\u00e3o na Gravidez Adolescente&#8217; abre vagas"},"content":{"rendered":"<p>O Instituto de Neuropsicologia Aplicada \u2013 INAP est\u00e1 realizando o projeto Inclus\u00e3o e Reabilita\u00e7\u00e3o na Gravidez Adolescente, em parceria com a Embaixada da Finl\u00e2ndia. O projeto \u00e9 destinado a adolescentes gr\u00e1vidas com defici\u00eancia mental, ou que estejam com graves problemas emocionais ou em situa\u00e7\u00e3o de viol\u00eancia domestica\/sexual. Interessadas em participar do projeto devem entrar em contato pelo telefone: (81) 3221 8480.<\/p>\n<p>O Instituto de Neuropsicologia Aplicada tem como miss\u00e3o promover assist\u00eancia neuropsicol\u00f3gica avaliativa e reabilitacional atrav\u00e9s de atendimentos cl\u00ednicos, de projetos sociais, buscando tamb\u00e9m desenvolvimento cient\u00edfico em neuroci\u00eancias, com cursos, supervis\u00f5es e eventos na \u00e1rea.<\/p>\n<p>Carla Maldonado (Coordenadora do Projeto) \u2013 Telefone: 9128.2524<br \/>\nJoana Leal (Assistente Social) \u2013 Telefone: 8615.2149<\/p>\n<p>INAP &#8211; Instituto de Neuropsicologia Aplicada<br \/>\nwww.inap.org.br<br \/>\nRua da Amizade, 54.Gra\u00e7as. CEP 52011-260<br \/>\n(81) 3221 8480<\/p>\n<p><img decoding=\"async\" loading=\"lazy\" class=\"alignnone  wp-image-1941\" title=\"inap1\" src=\"http:\/\/portalfloresnoar.hospedagemdesites.ws\/floresnoar\/wp-content\/uploads\/2012\/08\/inap11.jpg\" alt=\"\" width=\"639\" height=\"902\" srcset=\"https:\/\/portalfloresnoar.com\/floresnoar\/wp-content\/uploads\/2012\/08\/inap11.jpg 913w, https:\/\/portalfloresnoar.com\/floresnoar\/wp-content\/uploads\/2012\/08\/inap11-212x300.jpg 212w, https:\/\/portalfloresnoar.com\/floresnoar\/wp-content\/uploads\/2012\/08\/inap11-725x1024.jpg 725w\" sizes=\"(max-width: 639px) 100vw, 639px\" \/><\/p>\n<p><span style=\"color: #ffffff;\">&#8211;<\/span><br \/>\n<span style=\"color: #ffffff;\"> &#8211;<\/span><br \/>\n<script type=\"text\/javascript\">\/\/ <![CDATA[\ngoogle_ad_client = \"ca-pub-6774921656048980\"; \/* banner normal *\/ google_ad_slot = \"2987505043\"; google_ad_width = 468; google_ad_height = 60;\n\/\/ ]]><\/script><br \/>\n<script type=\"text\/javascript\" src=\"http:\/\/pagead2.googlesyndication.com\/pagead\/show_ads.js\">\/\/ <![CDATA[\n\n\/\/ ]]><\/script><\/p>\n","protected":false},"excerpt":{"rendered":"<p>O Instituto de Neuropsicologia Aplicada \u2013 INAP est\u00e1 realizando o projeto Inclus\u00e3o e Reabilita\u00e7\u00e3o na Gravidez Adolescente, em parceria com a Embaixada da Finl\u00e2ndia. O projeto \u00e9 destinado a adolescentes gr\u00e1vidas com defici\u00eancia mental, ou que estejam com graves problemas emocionais ou em situa\u00e7\u00e3o de viol\u00eancia domestica\/sexual. Interessadas em participar do projeto devem entrar em [&hellip;]<\/p>\n","protected":false},"author":1,"featured_media":1942,"comment_status":"open","ping_status":"open","sticky":false,"template":"","format":"standard","meta":{"om_disable_all_campaigns":false,"_monsterinsights_skip_tracking":false,"_monsterinsights_sitenote_active":false,"_monsterinsights_sitenote_note":"","_monsterinsights_sitenote_category":0,"footnotes":""},"categories":[9],"tags":[80],"acf":[],"publishpress_future_action":{"enabled":false,"date":"1969-12-31 21:00:00","action":"","terms":[],"taxonomy":"","browser_timezone_offset":0},"_links":{"self":[{"href":"https:\/\/portalfloresnoar.com\/floresnoar\/wp-json\/wp\/v2\/posts\/1939"}],"collection":[{"href":"https:\/\/portalfloresnoar.com\/floresnoar\/wp-json\/wp\/v2\/posts"}],"about":[{"href":"https:\/\/portalfloresnoar.com\/floresnoar\/wp-json\/wp\/v2\/types\/post"}],"author":[{"embeddable":true,"href":"https:\/\/portalfloresnoar.com\/floresnoar\/wp-json\/wp\/v2\/users\/1"}],"replies":[{"embeddable":true,"href":"https:\/\/portalfloresnoar.com\/floresnoar\/wp-json\/wp\/v2\/comments?post=1939"}],"version-history":[{"count":0,"href":"https:\/\/portalfloresnoar.com\/floresnoar\/wp-json\/wp\/v2\/posts\/1939\/revisions"}],"wp:featuredmedia":[{"embeddable":true,"href":"https:\/\/portalfloresnoar.com\/floresnoar\/wp-json\/wp\/v2\/media\/1942"}],"wp:attachment":[{"href":"https:\/\/portalfloresnoar.com\/floresnoar\/wp-json\/wp\/v2\/media?parent=1939"}],"wp:term":[{"taxonomy":"category","embeddable":true,"href":"https:\/\/portalfloresnoar.com\/floresnoar\/wp-json\/wp\/v2\/categories?post=1939"},{"taxonomy":"post_tag","embeddable":true,"href":"https:\/\/portalfloresnoar.com\/floresnoar\/wp-json\/wp\/v2\/tags?post=1939"}],"curies":[{"name":"wp","href":"https:\/\/api.w.org\/{rel}","templated":true}]}}