

{"id":19298,"date":"2014-12-22T17:07:19","date_gmt":"2014-12-22T20:07:19","guid":{"rendered":"http:\/\/portalfloresnoar.com\/floresnoar\/?p=19298"},"modified":"2015-01-02T23:05:02","modified_gmt":"2015-01-03T02:05:02","slug":"retiro-com-o-lama-padma-samten-no-cebb-darmata","status":"publish","type":"post","link":"https:\/\/portalfloresnoar.com\/floresnoar\/retiro-com-o-lama-padma-samten-no-cebb-darmata\/","title":{"rendered":"Retiro com o Lama Padma Samten no CEBB Darmata"},"content":{"rendered":"<p><img decoding=\"async\" loading=\"lazy\" class=\"aligncenter size-full wp-image-19299\" alt=\"lama-padma-samten\" src=\"http:\/\/portalfloresnoar.com\/floresnoar\/wp-content\/uploads\/2014\/12\/lama-padma-samten.jpg\" width=\"620\" height=\"325\" srcset=\"https:\/\/portalfloresnoar.com\/floresnoar\/wp-content\/uploads\/2014\/12\/lama-padma-samten.jpg 620w, https:\/\/portalfloresnoar.com\/floresnoar\/wp-content\/uploads\/2014\/12\/lama-padma-samten-300x157.jpg 300w\" sizes=\"(max-width: 620px) 100vw, 620px\" \/><\/p>\n<p>O Lama Padma Samten realiza um retiro de 2 a 7 de janeiro de 2015,\u00a0no <span style=\"text-decoration: underline;\"><a href=\"http:\/\/www.cebb.org.br\/como-chegar-ao-darmata\/\" target=\"_blank\">CEBB Darmata<\/a><\/span>, em Timba\u00faba\/PE.\u00a0<span style=\"line-height: 1.714285714; letter-spacing: 0em;\">&#8220;Nascemos como Bodisatvas quando trilhamos o caminho da libera\u00e7\u00e3o n\u00e3o apenas por n\u00f3s mas por todos os outros seres. Como desenvolver esse cora\u00e7\u00e3o no qual compaix\u00e3o e sabedoria s\u00e3o insepar\u00e1veis \u00e9 o tema desse retiro&#8221;,explica o Lama.<\/span><\/p>\n<p><strong>Contribui\u00e7\u00e3o<\/strong><br \/>\nR$ 600 reais (120 reais\/di\u00e1ria)*<\/p>\n<p><strong>Contato<\/strong><br \/>\nInstitucional | (81) 9229. 2904 | darmata@cebb.org.br<br \/>\nOutros | Henrique (81) 9356.2911 | Lia (81) 9247.1884 | Carmita (81) 8842-9194<\/p>\n<p><em>*Qualquer dificuldade com a contribui\u00e7\u00e3o, por favor, entre em contato!<\/em><\/p>\n","protected":false},"excerpt":{"rendered":"<p>O Lama Padma Samten realiza um retiro de 2 a 7 de janeiro de 2015,\u00a0no CEBB Darmata, em Timba\u00faba\/PE.\u00a0&#8220;Nascemos como Bodisatvas quando trilhamos o caminho da libera\u00e7\u00e3o n\u00e3o apenas por n\u00f3s mas por todos os outros seres. Como desenvolver esse cora\u00e7\u00e3o no qual compaix\u00e3o e sabedoria s\u00e3o insepar\u00e1veis \u00e9 o tema desse retiro&#8221;,explica o Lama. [&hellip;]<\/p>\n","protected":false},"author":1,"featured_media":19299,"comment_status":"open","ping_status":"open","sticky":false,"template":"","format":"standard","meta":{"om_disable_all_campaigns":false,"_monsterinsights_skip_tracking":false,"_monsterinsights_sitenote_active":false,"_monsterinsights_sitenote_note":"","_monsterinsights_sitenote_category":0,"footnotes":""},"categories":[8,214],"tags":[30],"acf":[],"publishpress_future_action":{"enabled":false,"date":"1969-12-31 21:00:00","action":"","terms":[],"taxonomy":"","browser_timezone_offset":0},"_links":{"self":[{"href":"https:\/\/portalfloresnoar.com\/floresnoar\/wp-json\/wp\/v2\/posts\/19298"}],"collection":[{"href":"https:\/\/portalfloresnoar.com\/floresnoar\/wp-json\/wp\/v2\/posts"}],"about":[{"href":"https:\/\/portalfloresnoar.com\/floresnoar\/wp-json\/wp\/v2\/types\/post"}],"author":[{"embeddable":true,"href":"https:\/\/portalfloresnoar.com\/floresnoar\/wp-json\/wp\/v2\/users\/1"}],"replies":[{"embeddable":true,"href":"https:\/\/portalfloresnoar.com\/floresnoar\/wp-json\/wp\/v2\/comments?post=19298"}],"version-history":[{"count":0,"href":"https:\/\/portalfloresnoar.com\/floresnoar\/wp-json\/wp\/v2\/posts\/19298\/revisions"}],"wp:featuredmedia":[{"embeddable":true,"href":"https:\/\/portalfloresnoar.com\/floresnoar\/wp-json\/wp\/v2\/media\/19299"}],"wp:attachment":[{"href":"https:\/\/portalfloresnoar.com\/floresnoar\/wp-json\/wp\/v2\/media?parent=19298"}],"wp:term":[{"taxonomy":"category","embeddable":true,"href":"https:\/\/portalfloresnoar.com\/floresnoar\/wp-json\/wp\/v2\/categories?post=19298"},{"taxonomy":"post_tag","embeddable":true,"href":"https:\/\/portalfloresnoar.com\/floresnoar\/wp-json\/wp\/v2\/tags?post=19298"}],"curies":[{"name":"wp","href":"https:\/\/api.w.org\/{rel}","templated":true}]}}