

{"id":19246,"date":"2014-11-02T14:16:30","date_gmt":"2014-11-02T17:16:30","guid":{"rendered":"http:\/\/portalfloresnoar.com\/floresnoar\/?p=19246"},"modified":"2014-12-07T12:20:24","modified_gmt":"2014-12-07T15:20:24","slug":"fotografa-ana-lira-lanca-o-livro-voto-neste-sabado","status":"publish","type":"post","link":"https:\/\/portalfloresnoar.com\/floresnoar\/fotografa-ana-lira-lanca-o-livro-voto-neste-sabado\/","title":{"rendered":"Fot\u00f3grafa Ana Lira lan\u00e7a o livro &#8216;Voto&#8217; neste s\u00e1bado"},"content":{"rendered":"<p><img decoding=\"async\" loading=\"lazy\" class=\"aligncenter size-full wp-image-19247\" alt=\"ana lira\" src=\"http:\/\/portalfloresnoar.com\/floresnoar\/wp-content\/uploads\/2014\/12\/ana-lira.jpg\" width=\"600\" height=\"700\" srcset=\"https:\/\/portalfloresnoar.com\/floresnoar\/wp-content\/uploads\/2014\/12\/ana-lira.jpg 600w, https:\/\/portalfloresnoar.com\/floresnoar\/wp-content\/uploads\/2014\/12\/ana-lira-257x300.jpg 257w\" sizes=\"(max-width: 600px) 100vw, 600px\" \/><\/p>\n<p>O #Mesa7 (<a href=\"http:\/\/l.facebook.com\/l.php?u=http%3A%2F%2Fwww.7fotografia.com.br%2F&amp;h=XAQGnnlOd&amp;enc=AZORDowaQqWQt63gBJlRA0FZk-otrmOBlz2t2oryYEohr7J_pt5jWYuR7S6kW5tFnvM&amp;s=1\" target=\"_blank\" rel=\"nofollow nofollow\">www.7fotografia.com.br<\/a>) e a\u00a0<a href=\"https:\/\/www.facebook.com\/pingadopres\" data-hovercard=\"\/ajax\/hovercard\/page.php?id=273144926183268\">PINGADO-PR\u00c9S<\/a>\u00a0realizam o lan\u00e7amento da publica\u00e7\u00e3o &#8216;Voto&#8217;, da fot\u00f3grafa Ana Lira, no pr\u00f3ximo s\u00e1bado, dia 6 de dezembro, a partir das 15h30, no Iraq (Rua do Sossego, 179 &#8211; Boa Vista, Recife).<\/p>\n<p>O trabalho iniciou h\u00e1 dois anos, durante o projeto do filme coletivo Elei\u00e7\u00f5es: Crise de Representa\u00e7\u00e3o, mas ganhou destaque este ano, depois que um de seus recortes foi selecionado para 31a Bienal de Arte de S\u00e3o Paulo.<\/p>\n<p>&#8216;Voto&#8217; prop\u00f5e uma reflex\u00e3o sobre o os discursos criados pelos rasgos, escritos, colagens e manchas deixadas pela\u00a0popula\u00e7\u00e3o e pela pr\u00f3pria a\u00e7\u00e3o do tempo nos cartazes de propaganda pol\u00edtica que ficam espalhados pelas paredes dos centros urbanos. O foco de interesse do trabalho s\u00e3o as leituras simb\u00f3licas que estas interven\u00e7\u00f5es trazem acerca do cen\u00e1rio pol\u00edtico e de outras possibilidades de observa\u00e7\u00e3o das rea\u00e7\u00f5es e desejos das pessoas em torno do contexto da representa\u00e7\u00e3o.<\/p>\n<p>O livro cont\u00e9m 62 p\u00e1ginas com imagens do projeto e textos especialmente escritos para este trabalho por\u00a0<a href=\"https:\/\/www.facebook.com\/marcelo.pedroso\" data-hovercard=\"\/ajax\/hovercard\/user.php?id=534072505\">Marcelo Pedroso<\/a>,\u00a0<a href=\"https:\/\/www.facebook.com\/felipe.perescalheiros\" data-hovercard=\"\/ajax\/hovercard\/user.php?id=1538575448\">Felipe Peres<\/a>\u00a0e\u00a0<a href=\"https:\/\/www.facebook.com\/eduardo.queiroga.73\" data-hovercard=\"\/ajax\/hovercard\/user.php?id=1621533396\">Eduardo Queiroga<\/a>. A edi\u00e7\u00e3o \u00e9 de Ana Lira, Gui Mohallem e da Pingado Pr\u00e9s. As integrantes da editora tamb\u00e9m assinam o projeto gr\u00e1fico. O tratamento de imagem \u00e9 de\u00a0<a href=\"https:\/\/www.facebook.com\/carol.decubito\" data-hovercard=\"\/ajax\/hovercard\/user.php?id=603119570\">Carol Lopes<\/a>\u00a0e a revis\u00e3o de\u00a0<a href=\"https:\/\/www.facebook.com\/joana.zatzmussi\" data-hovercard=\"\/ajax\/hovercard\/user.php?id=100000698651869\">Joana Zatz<\/a>, do\u00a0<a href=\"https:\/\/www.facebook.com\/grupocontrafile\" data-hovercard=\"\/ajax\/hovercard\/page.php?id=640633579281000\">Grupo Contrafil\u00e9<\/a>.<\/p>\n<p>Al\u00e9m do &#8216;Voto&#8217; a Pingado Pr\u00e9s tamb\u00e9m estar\u00e1 com uma banca montada com outras publica\u00e7\u00f5es da editora \u00e0 venda, que podem ser vistas atrav\u00e9s do site:\u00a0<a href=\"http:\/\/l.facebook.com\/l.php?u=http%3A%2F%2Fpingadopres.com%2F&amp;h=NAQE4lXJM&amp;enc=AZNKTup18F6Eyi5Rqu38osnvZTII8we37Y-2RS_-lngIVUhX2L_1Iju-PVz8-zH5LJA&amp;s=1\" target=\"_blank\" rel=\"nofollow nofollow\">http:\/\/pingadopres.com\/<\/a><\/p>\n<p><strong><span style=\"line-height: 1.714285714; letter-spacing: 0em;\"># Mesa7 &#8211; Lan\u00e7amento do Livro Voto<\/span><\/strong><br \/>\nLocal: Iraq &#8211; Rua do Sossego, 179,\u00a0Boa Vista, Recife\/PE<br \/>\n62 p\u00e1ginas &#8211; Edi\u00e7\u00e3o numerada &#8211; 100 exemplares<br \/>\nPre\u00e7o (promocional no lan\u00e7amento): 65,00<br \/>\nFormas de pagamento no local: \u00e0 vista ou cart\u00e3o de cr\u00e9dito.<\/p>\n<p>Evento no Facebook: <a href=\"http:\/\/migre.me\/neAiN\" target=\"_blank\">http:\/\/migre.me\/neAiN<\/a><\/p>\n","protected":false},"excerpt":{"rendered":"<p>O #Mesa7 (www.7fotografia.com.br) e a\u00a0PINGADO-PR\u00c9S\u00a0realizam o lan\u00e7amento da publica\u00e7\u00e3o &#8216;Voto&#8217;, da fot\u00f3grafa Ana Lira, no pr\u00f3ximo s\u00e1bado, dia 6 de dezembro, a partir das 15h30, no Iraq (Rua do Sossego, 179 &#8211; Boa Vista, Recife). O trabalho iniciou h\u00e1 dois anos, durante o projeto do filme coletivo Elei\u00e7\u00f5es: Crise de Representa\u00e7\u00e3o, mas ganhou destaque este [&hellip;]<\/p>\n","protected":false},"author":1,"featured_media":19248,"comment_status":"open","ping_status":"open","sticky":false,"template":"","format":"standard","meta":{"om_disable_all_campaigns":false,"_monsterinsights_skip_tracking":false,"_monsterinsights_sitenote_active":false,"_monsterinsights_sitenote_note":"","_monsterinsights_sitenote_category":0,"footnotes":""},"categories":[8,214],"tags":[47],"acf":[],"publishpress_future_action":{"enabled":false,"date":"1969-12-31 21:00:00","action":"","terms":[],"taxonomy":"","browser_timezone_offset":0},"_links":{"self":[{"href":"https:\/\/portalfloresnoar.com\/floresnoar\/wp-json\/wp\/v2\/posts\/19246"}],"collection":[{"href":"https:\/\/portalfloresnoar.com\/floresnoar\/wp-json\/wp\/v2\/posts"}],"about":[{"href":"https:\/\/portalfloresnoar.com\/floresnoar\/wp-json\/wp\/v2\/types\/post"}],"author":[{"embeddable":true,"href":"https:\/\/portalfloresnoar.com\/floresnoar\/wp-json\/wp\/v2\/users\/1"}],"replies":[{"embeddable":true,"href":"https:\/\/portalfloresnoar.com\/floresnoar\/wp-json\/wp\/v2\/comments?post=19246"}],"version-history":[{"count":0,"href":"https:\/\/portalfloresnoar.com\/floresnoar\/wp-json\/wp\/v2\/posts\/19246\/revisions"}],"wp:featuredmedia":[{"embeddable":true,"href":"https:\/\/portalfloresnoar.com\/floresnoar\/wp-json\/wp\/v2\/media\/19248"}],"wp:attachment":[{"href":"https:\/\/portalfloresnoar.com\/floresnoar\/wp-json\/wp\/v2\/media?parent=19246"}],"wp:term":[{"taxonomy":"category","embeddable":true,"href":"https:\/\/portalfloresnoar.com\/floresnoar\/wp-json\/wp\/v2\/categories?post=19246"},{"taxonomy":"post_tag","embeddable":true,"href":"https:\/\/portalfloresnoar.com\/floresnoar\/wp-json\/wp\/v2\/tags?post=19246"}],"curies":[{"name":"wp","href":"https:\/\/api.w.org\/{rel}","templated":true}]}}