

{"id":19126,"date":"2015-04-10T09:51:10","date_gmt":"2015-04-10T12:51:10","guid":{"rendered":"http:\/\/portalfloresnoar.com\/floresnoar\/?p=19126"},"modified":"2015-04-15T17:41:00","modified_gmt":"2015-04-15T20:41:00","slug":"curso-de-formacao-de-instrutores-de-yoga-integral-com-horivaldo-gomes-no-recife","status":"publish","type":"post","link":"https:\/\/portalfloresnoar.com\/floresnoar\/curso-de-formacao-de-instrutores-de-yoga-integral-com-horivaldo-gomes-no-recife\/","title":{"rendered":"Curso de Forma\u00e7\u00e3o de Instrutores de Yoga Integral, com Horivaldo Gomes, no Recife"},"content":{"rendered":"<p>Est\u00e3o abertas as inscri\u00e7\u00f5es para a nova turma do Curso de Forma\u00e7\u00e3o de Instrutores de Yoga Integral com o professor de Yoga Integral e Yogaterapeuta Horivaldo Gomes. As aulas acontecem todo pen\u00faltimo domingo do m\u00eas, das 9h \u00e0s 17h, no Espa\u00e7o Gerar. O pr\u00f3ximo encontro acontece no dia 19 de abril de 2015 e ainda \u00e9 poss\u00edvel ingressar na turma, que vivenciou o primeiro m\u00f3dulo em mar\u00e7o\/2015. O m\u00f3dulo que for perdido poder\u00e1 ser reposto em outra turma.<\/p>\n<p>O curso \u00e9 composto por 22 m\u00f3dulos e tem dura\u00e7\u00e3o de dois anos. O investimento mensal \u00e9 de R$ 300,00.<br \/>\n<strong>Informa\u00e7\u00f5es\/ inscri\u00e7\u00f5es:<\/strong> (81) 3268-1749\/8722.6801 (Oi)\/ 9543.8345(Tim)<\/p>\n<p>O curso de Forma\u00e7\u00e3o de Instrutores de Yoga tem como objetivo formar multiplicadores das t\u00e9cnicas milenares do Yoga, profissionalizando jovens e adultos, a partir do aprendizado da cultura oriental e dos meios de manuten\u00e7\u00e3o da sa\u00fade f\u00edsica, emocional e mental. Os participantes ser\u00e3o instru\u00eddos sobre as diferentes partes do ser (f\u00edsico, emocional, energ\u00e9tico, mental e espiritual), atrav\u00e9s de um caminho de autoconhecimento.<\/p>\n<p>O pr\u00e9-requisito para participar \u00e9 ter cursado o segundo grau completo. Durante a forma\u00e7\u00e3o ser\u00e1 necess\u00e1rio que os participantes estejam praticando Yoga. Ao final da forma\u00e7\u00e3o, ser\u00e1 conferido certificado pela Associa\u00e7\u00e3o Nacional de Yoga Integral \u2013 ANYI.<\/p>\n<p>CONTE\u00daDO PROGRAM\u00c1TICO<br \/>\n&#8211; Introdu\u00e7\u00e3o ao Yoga<br \/>\n&#8211; Linhas de Yoga (Jnana, Bhakti, Karma, Hatha, Raja e Purna Yoga)<br \/>\n&#8211; No\u00e7\u00f5es de S\u00e2nscrito<br \/>\n&#8211; Hindu\u00edsmo<br \/>\n&#8211; Filosofias da \u00cdndia (tantra, samkhya, vedanta)<br \/>\n&#8211; Yoga Sutra de Pat\u00e2njali<br \/>\n&#8211; Mitologia Hindu<br \/>\n&#8211; Anatomia Sutil (kundalini, chakra, nadi)<br \/>\n&#8211; Pranayama (exerc\u00edcios respirat\u00f3rios)<br \/>\n&#8211; Bandha (contra\u00e7\u00f5es de plexos e gl\u00e2ndulas)<br \/>\n&#8211; Kriya (exerc\u00edcios purificat\u00f3rios)<br \/>\n&#8211; Introdu\u00e7\u00e3o e aperfei\u00e7oamento dos \u00e1sanas (posturas f\u00edsicas do yoga)<br \/>\n&#8211; Yoganidra (relaxamento)<br \/>\n&#8211; Dhyana (medita\u00e7\u00e3o)<br \/>\n&#8211; Mantra (sons de poder)<br \/>\n&#8211; Mudra (gestos reflexol\u00f3gicos)<br \/>\n&#8211; Yoga especializado (crian\u00e7as, gestantes, idosos, asm\u00e1ticos, etc.)<br \/>\n&#8211; Yoga em dupla<br \/>\n&#8211; Coreografia de \u00c1sanas<br \/>\n&#8211; Anatomia, Fisiologia e Primeiros Socorros<\/p>\n<p>Horivaldo Gomes \u00e9 yogaterapeuta e professor de Yoga h\u00e1 30 anos. \u00c9 presidente da Associa\u00e7\u00e3o Nacional de Yoga Integral (ANYI) e da Federa\u00e7\u00e3o de Yoga do Estado do Rio de Janeiro. \u00c9 autor de v\u00e1rios livros, como \u2018Pr\u00e1ticas do Yoga\u2019, \u2018Yoga Integral \u2013 o Yoga da Nova Era\u2019, \u2018Purna Yoga\u2019, \u2018Gotinhas de Luz\u2019 e \u2018Magia das Velas\u2019. Recebeu sua inicia\u00e7\u00e3o no Yoga Integral (Purna Yoga), em Pondicherry, no Sri Aurobindo Ashram, na \u00cdndia.<\/p>\n<p>Os interessados devem fazer a inscri\u00e7\u00e3o no Espa\u00e7o Gerar, Rua Jorge de Albuquerque, 103, Casa Forte, Recife-PE, fone: (81) 3268-1749.<\/p>\n<p>No v\u00eddeo abaixo Horivaldo Gomes fala sobre Yoga, Yogaterapia e os cursos oferecidos!<br \/>\n<iframe loading=\"lazy\" src=\"\/\/www.youtube.com\/embed\/KtBIU-shHu4\" height=\"315\" width=\"560\" allowfullscreen=\"\" frameborder=\"0\"><\/iframe><\/p>\n<p><em>Veja tamb\u00e9m:<\/em><\/p>\n<h3><a href=\"http:\/\/portalfloresnoar.com\/floresnoar\/formacao-em-yogaterapia-com-horivaldo-gomes-no-recife\/\" target=\"_blank\">CURSO DE FORMA\u00c7\u00c3O EM YOGATERAPIA no Recife, com Horivaldo Gomes<\/a><\/h3>\n","protected":false},"excerpt":{"rendered":"<p>Est\u00e3o abertas as inscri\u00e7\u00f5es para a nova turma do Curso de Forma\u00e7\u00e3o de Instrutores de Yoga Integral com o professor de Yoga Integral e Yogaterapeuta Horivaldo Gomes. As aulas acontecem todo pen\u00faltimo domingo do m\u00eas, das 9h \u00e0s 17h, no Espa\u00e7o Gerar. O pr\u00f3ximo encontro acontece no dia 19 de abril de 2015 e ainda [&hellip;]<\/p>\n","protected":false},"author":1,"featured_media":19127,"comment_status":"open","ping_status":"open","sticky":false,"template":"","format":"standard","meta":{"om_disable_all_campaigns":false,"_monsterinsights_skip_tracking":false,"_monsterinsights_sitenote_active":false,"_monsterinsights_sitenote_note":"","_monsterinsights_sitenote_category":0,"footnotes":""},"categories":[8,214],"tags":[21],"acf":[],"publishpress_future_action":{"enabled":false,"date":"1969-12-31 21:00:00","action":"","terms":[],"taxonomy":"","browser_timezone_offset":0},"_links":{"self":[{"href":"https:\/\/portalfloresnoar.com\/floresnoar\/wp-json\/wp\/v2\/posts\/19126"}],"collection":[{"href":"https:\/\/portalfloresnoar.com\/floresnoar\/wp-json\/wp\/v2\/posts"}],"about":[{"href":"https:\/\/portalfloresnoar.com\/floresnoar\/wp-json\/wp\/v2\/types\/post"}],"author":[{"embeddable":true,"href":"https:\/\/portalfloresnoar.com\/floresnoar\/wp-json\/wp\/v2\/users\/1"}],"replies":[{"embeddable":true,"href":"https:\/\/portalfloresnoar.com\/floresnoar\/wp-json\/wp\/v2\/comments?post=19126"}],"version-history":[{"count":0,"href":"https:\/\/portalfloresnoar.com\/floresnoar\/wp-json\/wp\/v2\/posts\/19126\/revisions"}],"wp:featuredmedia":[{"embeddable":true,"href":"https:\/\/portalfloresnoar.com\/floresnoar\/wp-json\/wp\/v2\/media\/19127"}],"wp:attachment":[{"href":"https:\/\/portalfloresnoar.com\/floresnoar\/wp-json\/wp\/v2\/media?parent=19126"}],"wp:term":[{"taxonomy":"category","embeddable":true,"href":"https:\/\/portalfloresnoar.com\/floresnoar\/wp-json\/wp\/v2\/categories?post=19126"},{"taxonomy":"post_tag","embeddable":true,"href":"https:\/\/portalfloresnoar.com\/floresnoar\/wp-json\/wp\/v2\/tags?post=19126"}],"curies":[{"name":"wp","href":"https:\/\/api.w.org\/{rel}","templated":true}]}}