

{"id":18748,"date":"2014-09-13T04:20:18","date_gmt":"2014-09-13T07:20:18","guid":{"rendered":"http:\/\/portalfloresnoar.com\/floresnoar\/?p=18748"},"modified":"2023-02-15T09:52:26","modified_gmt":"2023-02-15T12:52:26","slug":"a-arte-de-frei-domingos-savio-estara-a-mostra-a-partir-do-dia-1511-no-convento-de-sao-francisco-em-olinda","status":"publish","type":"post","link":"https:\/\/portalfloresnoar.com\/floresnoar\/a-arte-de-frei-domingos-savio-estara-a-mostra-a-partir-do-dia-1511-no-convento-de-sao-francisco-em-olinda\/","title":{"rendered":"A arte de Domingos S\u00e1vio estar\u00e1 \u00e0 mostra no Convento de S\u00e3o Francisco, em Olinda"},"content":{"rendered":"<pre style=\"text-align: right;\"><em>\"Consegui conciliar a vida art\u00edstica e religiosa. Meu apostolado sempre foi a arte\u201d<\/em>\r\n Frei Domingos S\u00e1vio<\/pre>\n<figure id=\"attachment_18751\" aria-describedby=\"caption-attachment-18751\" style=\"width: 307px\" class=\"wp-caption alignleft\"><img decoding=\"async\" loading=\"lazy\" class=\" wp-image-18751 \" alt=\"L\u00e1grima, 2007\" src=\"http:\/\/portalfloresnoar.com\/floresnoar\/wp-content\/uploads\/2014\/10\/Lagrima.jpg\" width=\"307\" height=\"443\" srcset=\"https:\/\/portalfloresnoar.com\/floresnoar\/wp-content\/uploads\/2014\/10\/Lagrima.jpg 341w, https:\/\/portalfloresnoar.com\/floresnoar\/wp-content\/uploads\/2014\/10\/Lagrima-207x300.jpg 207w\" sizes=\"(max-width: 307px) 100vw, 307px\" \/><figcaption id=\"caption-attachment-18751\" class=\"wp-caption-text\">Lacrima (2007)<\/figcaption><\/figure>\n<p>O Convento de S\u00e3o Francisco, em Olinda, recebe no dia 15 de novembro, uma exposi\u00e7\u00e3o-tributo \u00e0 arte do frei Domingos S\u00e1vio, falecido no \u00faltimo dia 15 de agosto. Amigos do frei, admiradores de sua arte e dispostos a revelar seu talento na pintura e na escrita, contaram com o apoio da Ordem Franciscana do Recife e de institui\u00e7\u00f5es que, de alguma forma, relacionaram-se com o frei artista. Dessa parceria surgiu o projeto <strong>Ensaios de uma utopia, a arte de Domingos S\u00e1vio<\/strong>, que traz ao p\u00fablico um panorama da produ\u00e7\u00e3o do religioso, uma cole\u00e7\u00e3o plural e vasta, s\u00f3 agora revelada ao grande p\u00fablico.<\/p>\n<p>O acervo reunido para a exposi\u00e7\u00e3o \u00e9 composto por 16 pinturas em acr\u00edlico sobre tela, um painel de produ\u00e7\u00e3o coletiva e 11 desenhos, que estavam guardados no Convento ou espalhados em cidades nordestinas visitadas pelo franciscano, em S\u00e3o Paulo e em institui\u00e7\u00f5es culturais da Europa. Todo o acervo foi inventariado pelo grupo de pesquisa liderado pela produtora paulista Marleth Reis. Para a curadoria das obras, foi convidado o artista pl\u00e1stico e te\u00f3logo holand\u00eas, radicado em Olinda, Roberto Ploeg. Na opini\u00e3o do curador, \u201ca arte de Domingos se move entre a atitude cr\u00edtica de indigna\u00e7\u00e3o diante das injusti\u00e7as e a esperan\u00e7a de uma sociedade mais igualit\u00e1ria\u201d. (ver texto em anexo).<\/p>\n<p>Autodidata, frei Domingos S\u00e1vio \u2013 apelidado pelos amigos de Mingo \u2013 deixou obras figurativas bem singulares. Costumava explorar temas como sustentabilidade e consci\u00eancia ecol\u00f3gica antes de se tornarem assuntos globais. E sempre se debru\u00e7ou pela investiga\u00e7\u00e3o das figuras humanas. Abordou a f\u00e9 e o cotidiano dos agricultores rurais, na mesma medida em que admirava a iconografia e o gestual das manifesta\u00e7\u00f5es populares nordestinas ou mesmo temas como sexualidade e feminismo.<\/p>\n<figure id=\"attachment_18752\" aria-describedby=\"caption-attachment-18752\" style=\"width: 307px\" class=\"wp-caption alignright\"><img decoding=\"async\" loading=\"lazy\" class=\" wp-image-18752  \" alt=\"Espelho Meu (1991)\" src=\"http:\/\/portalfloresnoar.com\/floresnoar\/wp-content\/uploads\/2014\/10\/Espelho-meu.jpg\" width=\"307\" height=\"378\" srcset=\"https:\/\/portalfloresnoar.com\/floresnoar\/wp-content\/uploads\/2014\/10\/Espelho-meu.jpg 426w, https:\/\/portalfloresnoar.com\/floresnoar\/wp-content\/uploads\/2014\/10\/Espelho-meu-243x300.jpg 243w\" sizes=\"(max-width: 307px) 100vw, 307px\" \/><figcaption id=\"caption-attachment-18752\" class=\"wp-caption-text\">Espelho Meu (1991)<\/figcaption><\/figure>\n<p>Mingo chamava a aten\u00e7\u00e3o pela forma f\u00edsica, comprometida por uma doen\u00e7a degenerativa que come\u00e7ou a paralisar seus movimentos a partir dos 32 anos de idade, em meados dos anos 1990. O pintor deu vaz\u00e3o, at\u00e9 onde pode, ao desejo de pintar, desenhar, criar poemas e cr\u00f4nicas, de explorar o cotidiano com seu olhar cr\u00edtico. Retratou na arte a pr\u00e1tica libert\u00e1ria de discurso. Nos primeiros meses deste ano, chegou a acompanhar algumas fases do projeto da exposi\u00e7\u00e3o com entusiasmo, mas a doen\u00e7a n\u00e3o permitiu que chegasse at\u00e9 a noite de abertura da mostra, no convento que o abrigou enquanto seminarista.<\/p>\n<p>SERVI\u00c7O<br \/>\n<strong>Vernissage da exposi\u00e7\u00e3o Ensaios de uma utopia, a arte de Domingos S\u00e1vio<\/strong><br \/>\nQuando: 15 de novembro de 2014, \u00e0s 17h. Em cartaz at\u00e9 6 de fevereiro de 2015<br \/>\nOnde: Convento de S\u00e3o Francisco (Ladeira de S\u00e3o Francisco, s\/n, Olinda\/ PE). Fone: (81) 3429-0517<br \/>\n<em><br \/>\n<\/em><\/p>\n<p><em>Saiba mais sobre o artista no texto abaixo!<\/em><\/p>\n<p>Domingos S\u00e1vio de Menezes Carneiro \u2013 O artista<\/p>\n<figure id=\"attachment_18753\" aria-describedby=\"caption-attachment-18753\" style=\"width: 340px\" class=\"wp-caption alignleft\"><img decoding=\"async\" loading=\"lazy\" class=\"size-full wp-image-18753\" alt=\"Arte em papel 05 (1992)\" src=\"http:\/\/portalfloresnoar.com\/floresnoar\/wp-content\/uploads\/2014\/10\/Arte-em-Papel-05.jpg\" width=\"340\" height=\"445\" srcset=\"https:\/\/portalfloresnoar.com\/floresnoar\/wp-content\/uploads\/2014\/10\/Arte-em-Papel-05.jpg 340w, https:\/\/portalfloresnoar.com\/floresnoar\/wp-content\/uploads\/2014\/10\/Arte-em-Papel-05-229x300.jpg 229w\" sizes=\"(max-width: 340px) 100vw, 340px\" \/><figcaption id=\"caption-attachment-18753\" class=\"wp-caption-text\">Arte em papel 05 (1992)<\/figcaption><\/figure>\n<p>Domingos S\u00e1vio Menezes Carneiro nasceu no munic\u00edpio de Barreiros, na zona da mata sul pernambucana, no dia 5 de julho de 1961. Desde crian\u00e7a revelava gosto pela arte e se inspirava no cotidiano para criar seus desenhos. Alfabetizado em casa, pela m\u00e3e, sempre contou com o apoio da fam\u00edlia para desenhar. O artista recordava: &#8220;Minha primeira inf\u00e2ncia, como filho ca\u00e7ula de uma grande e s\u00f3lida fam\u00edlia, foi vivida no campo, num antigo engenho cujo nome ati\u00e7a bastante o imagin\u00e1rio: Serra D\u2019\u00e1gua. A firmeza de uma serra feita da insustentabilidade da \u00e1gua&#8221;.<\/p>\n<p>Com o passar dos anos suas obras foram ganhando mais complexidade e senso cr\u00edtico, explorando t\u00e9cnicas e materiais variados. A produ\u00e7\u00e3o art\u00edstica de Domingos S\u00e1vio mostra versatilidade e riqueza de detalhes, em especial nas cria\u00e7\u00f5es de grandes pain\u00e9is tem\u00e1ticos. Domingos definia sua obra tanto em termos t\u00e9cnico-art\u00edsticos como intuitiva: &#8220;N\u00e3o possuo nenhuma forma\u00e7\u00e3o acad\u00eamica. Sou um autodidata e um observador atento do trabalho dos outros artistas, mestres ou n\u00e3o. Nesse sentido, carrego influ\u00eancias diversas e imprecisas. Fa\u00e7o de cada experi\u00eancia uma obra e de cada obra uma experi\u00eancia&#8221;.<\/p>\n<p>O ato de escrever aparece como outro talento do artista que em suas palavras descreve: &#8220;sempre aproximei a escrita do exerc\u00edcio da pintura. Procurava dar aos textos um tratamento est\u00e9tico que nascia lenta e dolorosamente da cabe\u00e7a e das m\u00e3os&#8221;.<\/p>\n<p><span style=\"line-height: 1.714285714; letter-spacing: 0em;\">Em 1984, depois de uma curta experi\u00eancia como desenhista publicit\u00e1rio em Recife, ingressou na Ordem dos Frades Menores abra\u00e7ando a Vida Religiosa Consagrada. A partir da entrada na vida religiosa e em contato com a Teologia da Liberta\u00e7\u00e3o, fez da tem\u00e1tica social uma constante no seu trabalho. &#8220;Passei a ser um ilustrador de intui\u00e7\u00f5es e \u201cgritos de guerra\u201d para muitos Movimentos Populares, Pastorais e ONGs espalhados pelo Brasil. Os trabalhos s\u00e3o em geral de cunho pedag\u00f3gico ou promocional&#8221;, afirma Domingos.<\/span><\/p>\n<figure id=\"attachment_18754\" aria-describedby=\"caption-attachment-18754\" style=\"width: 368px\" class=\"wp-caption alignright\"><img decoding=\"async\" loading=\"lazy\" class=\"size-full wp-image-18754\" alt=\"Arte em papel 10 (1992)\" src=\"http:\/\/portalfloresnoar.com\/floresnoar\/wp-content\/uploads\/2014\/10\/ArteemPapel-10.jpg\" width=\"368\" height=\"556\" srcset=\"https:\/\/portalfloresnoar.com\/floresnoar\/wp-content\/uploads\/2014\/10\/ArteemPapel-10.jpg 368w, https:\/\/portalfloresnoar.com\/floresnoar\/wp-content\/uploads\/2014\/10\/ArteemPapel-10-198x300.jpg 198w\" sizes=\"(max-width: 368px) 100vw, 368px\" \/><figcaption id=\"caption-attachment-18754\" class=\"wp-caption-text\">Arte em papel 10 (1992)<\/figcaption><\/figure>\n<p>No 6\u00ba Encontro Intereclesial de CEBs, ocorrido em 1986, em Trindade (GO), Domingos participou da funda\u00e7\u00e3o do MARCA (Movimento dos Artistas da Caminhada), reunindo talentos de v\u00e1rias partes do Brasil e de diversas linguagens. Em suas palavras, &#8220;o MARCA se caracteriza pelo engajamento s\u00f3cio-pol\u00edtico, numa perspectiva transformadora&#8221;. Em 1992, o grupo foi convidado por uma Associa\u00e7\u00e3o do norte da It\u00e1lia para participar de encontros e oficinas, em um interc\u00e2mbio entre artistas brasileiros e os mais diversos grupos italianos. Assim, o trabalho do artista pernambucano chega \u00e0 Europa, para onde retornou nos anos 1993 e 2007.<\/p>\n<p>A Comiss\u00e3o de Estudos de Hist\u00f3ria da Igreja na Am\u00e9rica Latina (Cehila) foi a oportunidade que Domingos teve como artista pl\u00e1stico de conhecer outras culturas da Am\u00e9rica Latina e enriquecer suas obras (M\u00e9xico, 1990 e 1996; Peru, 1994; Guatemala, 1996). &#8220;Consegui conciliar a vida art\u00edstica e religiosa. Meu apostolado sempre foi a arte&#8221;, declara Domingos.<\/p>\n<p>Parte do seu acervo est\u00e1 guardado em S\u00e3o Paulo, onde participou durante 12 anos n\u00e3o consecutivos (1988 a 2001) do Curso de Ver\u00e3o do Centro Ecum\u00eanico de Servi\u00e7os \u00e0 Evangeliza\u00e7\u00e3o e \u00e0 Educa\u00e7\u00e3o Popular (Cesesp), realizado na Pontif\u00edcia Universidade Cat\u00f3lica (PUC) de S\u00e3o Paulo, onde produziu e criou coletivamente os pain\u00e9is tem\u00e1ticos dos encontros anuais. A arte era pensada de acordo com o tema proposto e decidida pelo conjunto de artistas que a produziam, destacando presen\u00e7as constantes de artistas pl\u00e1sticos como Ad\u00e9lia Carvalho, Anderson Augusto, Helda Broilo, Fernando Marinho. Sua contribui\u00e7\u00e3o era dada tamb\u00e9m em interven\u00e7\u00f5es art\u00edsticas como caricaturas, charges e tirinhas.<\/p>\n<p>Domingos teve que parar de pintar por conta da perda dos movimentos da m\u00e3o direita, quando completou 30 anos, \u00e9poca em que se descobriu portador de uma doen\u00e7a degenerativa rara, a Siringomielia. A doen\u00e7a \u00e9 caracterizada por uma les\u00e3o c\u00edstica na medula, que faz o paciente perder gradativamente os movimentos do corpo. O Frei ainda tentou se adaptar a trabalhar com a m\u00e3o esquerda, mas ela tamb\u00e9m j\u00e1 se encontrava bastante comprometida.<\/p>\n<p>Sem condi\u00e7\u00f5es de expressar seu talento na pintura e desenhos, ele investiu na escrita, como nova forma de express\u00e3o, fazendo dos fatos cotidianos sua maior fonte de inspira\u00e7\u00e3o. &#8220;O processo de escrever \u00e9 prazeroso, \u00e9 uma arte, \u00e9 compor harmonicamente&#8221;, afirma Domingos.<\/p>\n<p>No in\u00edcio de 2013, come\u00e7ou a ser desenhado o projeto de exposi\u00e7\u00e3o que reuniria parte do acervo art\u00edstico do frei franciscano para apresenta\u00e7\u00e3o ao p\u00fablico. A princ\u00edpio seria uma surpresa, mas logo o pintor e desenhista percebeu o movimento em torno dele e de sua produ\u00e7\u00e3o. A partir de ent\u00e3o e at\u00e9 o in\u00edcio de 2014, envolveu-se tamb\u00e9m ele no projeto de mapear as obras doadas mundo afora, vasculhar o acervo pessoal, receber amigos interessados em parcerias para o projeto.<\/p>\n<p>Em agosto \u00faltimo, Frei Domingos S\u00e1vio foi levado ao hospital onde permaneceu internado, com complica\u00e7\u00f5es urin\u00e1rias. Partiu dormindo, no dia 15 de agosto, como havia desejado, sem interven\u00e7\u00e3o de aparelhos.<\/p>\n","protected":false},"excerpt":{"rendered":"<p>&#8220;Consegui conciliar a vida art\u00edstica e religiosa. Meu apostolado sempre foi a arte\u201d Frei Domingos S\u00e1vio O Convento de S\u00e3o Francisco, em Olinda, recebe no dia 15 de novembro, uma exposi\u00e7\u00e3o-tributo \u00e0 arte do frei Domingos S\u00e1vio, falecido no \u00faltimo dia 15 de agosto. Amigos do frei, admiradores de sua arte e dispostos a revelar [&hellip;]<\/p>\n","protected":false},"author":1,"featured_media":18750,"comment_status":"open","ping_status":"open","sticky":false,"template":"","format":"standard","meta":{"om_disable_all_campaigns":false,"_monsterinsights_skip_tracking":false,"_monsterinsights_sitenote_active":false,"_monsterinsights_sitenote_note":"","_monsterinsights_sitenote_category":0,"footnotes":""},"categories":[8,214],"tags":[44,89,150],"acf":[],"publishpress_future_action":{"enabled":false,"date":"1969-12-31 21:00:00","action":"","terms":[],"taxonomy":"","browser_timezone_offset":0},"_links":{"self":[{"href":"https:\/\/portalfloresnoar.com\/floresnoar\/wp-json\/wp\/v2\/posts\/18748"}],"collection":[{"href":"https:\/\/portalfloresnoar.com\/floresnoar\/wp-json\/wp\/v2\/posts"}],"about":[{"href":"https:\/\/portalfloresnoar.com\/floresnoar\/wp-json\/wp\/v2\/types\/post"}],"author":[{"embeddable":true,"href":"https:\/\/portalfloresnoar.com\/floresnoar\/wp-json\/wp\/v2\/users\/1"}],"replies":[{"embeddable":true,"href":"https:\/\/portalfloresnoar.com\/floresnoar\/wp-json\/wp\/v2\/comments?post=18748"}],"version-history":[{"count":0,"href":"https:\/\/portalfloresnoar.com\/floresnoar\/wp-json\/wp\/v2\/posts\/18748\/revisions"}],"wp:featuredmedia":[{"embeddable":true,"href":"https:\/\/portalfloresnoar.com\/floresnoar\/wp-json\/wp\/v2\/media\/18750"}],"wp:attachment":[{"href":"https:\/\/portalfloresnoar.com\/floresnoar\/wp-json\/wp\/v2\/media?parent=18748"}],"wp:term":[{"taxonomy":"category","embeddable":true,"href":"https:\/\/portalfloresnoar.com\/floresnoar\/wp-json\/wp\/v2\/categories?post=18748"},{"taxonomy":"post_tag","embeddable":true,"href":"https:\/\/portalfloresnoar.com\/floresnoar\/wp-json\/wp\/v2\/tags?post=18748"}],"curies":[{"name":"wp","href":"https:\/\/api.w.org\/{rel}","templated":true}]}}