

{"id":187,"date":"2012-06-01T18:44:50","date_gmt":"2012-06-01T21:44:50","guid":{"rendered":"http:\/\/portalfloresnoar.hospedagemdesites.ws\/floresnoar\/?p=187"},"modified":"2014-09-24T18:43:42","modified_gmt":"2014-09-24T21:43:42","slug":"palestra-com-o-lama-padma-samten-dia-28-de-junho","status":"publish","type":"post","link":"https:\/\/portalfloresnoar.com\/floresnoar\/palestra-com-o-lama-padma-samten-dia-28-de-junho\/","title":{"rendered":"Palestra com o Lama Padma Samten, dia 28 de junho"},"content":{"rendered":"<p>Tema:&#8221;Lucidez diante das crises &#8211; a Medita\u00e7\u00e3o como caminho&#8221;<br \/>\n&#8220;Sem serenidade a sabedoria n\u00e3o \u00e9 poss\u00edvel; por isso buscamos repousar naquilo que \u00e9 est\u00e1vel. Buscamos estabilidade de corpo, fala e mente, para benef\u00edcio nosso e de todos os seres. Por isso meditamos.&#8221; \u2013 Lama Padma Samten<br \/>\nLocal: Libertas de Casa Amarela<\/p>\n<p>Rua Rodrigues Sete, n\u00b0 158 ( Indo pela Estrada do Arraial, \u00e9 a segunda rua \u00e0 direita, ap\u00f3s o Hospital Agamenon Magalh\u00e3es)<\/p>\n<p>Data: quinta-feira, dia 28 de junho, das 20h as 22h.<\/p>\n<p>Contribui\u00e7\u00e3o sugerida: R$25,00<\/p>\n<p>Maiores informa\u00e7\u00f5es: Flori: 8879-7744 (Oi); Carmita: 8842-9194 (Claro)<\/p>\n<p><!--more--><\/p>\n<p><a href=\"http:\/\/portalfloresnoar.hospedagemdesites.ws\/floresnoar\/?attachment_id=196\" rel=\"attachment wp-att-196\"><img decoding=\"async\" loading=\"lazy\" class=\"aligncenter size-full wp-image-196\" title=\"palestra lama padma samten\" src=\"http:\/\/portalfloresnoar.hospedagemdesites.ws\/floresnoar\/wp-content\/uploads\/2012\/06\/PALESTRA_REC28JUN.jpg\" alt=\"\" width=\"792\" height=\"1000\" srcset=\"https:\/\/portalfloresnoar.com\/floresnoar\/wp-content\/uploads\/2012\/06\/PALESTRA_REC28JUN.jpg 792w, https:\/\/portalfloresnoar.com\/floresnoar\/wp-content\/uploads\/2012\/06\/PALESTRA_REC28JUN-237x300.jpg 237w\" sizes=\"(max-width: 792px) 100vw, 792px\" \/><\/a><\/p>\n<p><script type=\"text\/javascript\">\/\/ <![CDATA[\ngoogle_ad_client = \"ca-pub-6774921656048980\"; \/* banner normal *\/ google_ad_slot = \"2987505043\"; google_ad_width = 468; google_ad_height = 60;\n\/\/ ]]><\/script><br \/>\n<script type=\"text\/javascript\" src=\"http:\/\/pagead2.googlesyndication.com\/pagead\/show_ads.js\">\/\/ <![CDATA[\n\n\n\/\/ ]]><\/script><\/p>\n","protected":false},"excerpt":{"rendered":"<p>Tema:&#8221;Lucidez diante das crises &#8211; a Medita\u00e7\u00e3o como caminho&#8221; &#8220;Sem serenidade a sabedoria n\u00e3o \u00e9 poss\u00edvel; por isso buscamos repousar naquilo que \u00e9 est\u00e1vel. Buscamos estabilidade de corpo, fala e mente, para benef\u00edcio nosso e de todos os seres. Por isso meditamos.&#8221; \u2013 Lama Padma Samten Local: Libertas de Casa Amarela Rua Rodrigues Sete, n\u00b0 [&hellip;]<\/p>\n","protected":false},"author":1,"featured_media":0,"comment_status":"open","ping_status":"open","sticky":false,"template":"","format":"standard","meta":{"om_disable_all_campaigns":false,"_monsterinsights_skip_tracking":false,"_monsterinsights_sitenote_active":false,"_monsterinsights_sitenote_note":"","_monsterinsights_sitenote_category":0,"footnotes":""},"categories":[8,214],"tags":[30],"acf":[],"publishpress_future_action":{"enabled":false,"date":"1969-12-31 21:00:00","action":"","terms":[],"taxonomy":"","browser_timezone_offset":0},"_links":{"self":[{"href":"https:\/\/portalfloresnoar.com\/floresnoar\/wp-json\/wp\/v2\/posts\/187"}],"collection":[{"href":"https:\/\/portalfloresnoar.com\/floresnoar\/wp-json\/wp\/v2\/posts"}],"about":[{"href":"https:\/\/portalfloresnoar.com\/floresnoar\/wp-json\/wp\/v2\/types\/post"}],"author":[{"embeddable":true,"href":"https:\/\/portalfloresnoar.com\/floresnoar\/wp-json\/wp\/v2\/users\/1"}],"replies":[{"embeddable":true,"href":"https:\/\/portalfloresnoar.com\/floresnoar\/wp-json\/wp\/v2\/comments?post=187"}],"version-history":[{"count":0,"href":"https:\/\/portalfloresnoar.com\/floresnoar\/wp-json\/wp\/v2\/posts\/187\/revisions"}],"wp:attachment":[{"href":"https:\/\/portalfloresnoar.com\/floresnoar\/wp-json\/wp\/v2\/media?parent=187"}],"wp:term":[{"taxonomy":"category","embeddable":true,"href":"https:\/\/portalfloresnoar.com\/floresnoar\/wp-json\/wp\/v2\/categories?post=187"},{"taxonomy":"post_tag","embeddable":true,"href":"https:\/\/portalfloresnoar.com\/floresnoar\/wp-json\/wp\/v2\/tags?post=187"}],"curies":[{"name":"wp","href":"https:\/\/api.w.org\/{rel}","templated":true}]}}