

{"id":18603,"date":"2017-03-31T04:16:32","date_gmt":"2017-03-31T07:16:32","guid":{"rendered":"http:\/\/portalfloresnoar.com\/floresnoar\/?p=18603"},"modified":"2021-03-30T19:47:36","modified_gmt":"2021-03-30T22:47:36","slug":"mascara-facial-de-argila","status":"publish","type":"post","link":"https:\/\/portalfloresnoar.com\/floresnoar\/mascara-facial-de-argila\/","title":{"rendered":"M\u00e1scara facial de argila"},"content":{"rendered":"<p>| <em>Por Diana Terra*<\/em> |<\/p>\n<p><img decoding=\"async\" loading=\"lazy\" class=\" wp-image-18605 alignleft\" src=\"http:\/\/portalfloresnoar.com\/floresnoar\/wp-content\/uploads\/2014\/10\/argila-2.jpg\" alt=\"argila 2\" width=\"379\" height=\"281\" srcset=\"https:\/\/portalfloresnoar.com\/floresnoar\/wp-content\/uploads\/2014\/10\/argila-2.jpg 421w, https:\/\/portalfloresnoar.com\/floresnoar\/wp-content\/uploads\/2014\/10\/argila-2-300x222.jpg 300w, https:\/\/portalfloresnoar.com\/floresnoar\/wp-content\/uploads\/2014\/10\/argila-2-160x120.jpg 160w\" sizes=\"(max-width: 379px) 100vw, 379px\" \/><\/p>\n<p>Uma \u00f3tima op\u00e7\u00e3o de m\u00e1scara natural para limpeza e hidrata\u00e7\u00e3o do rosto \u00e9 uma mistura de \u00e1gua e argila. A argila \u00e9 um componente de origem mineral, coletada diretamente do solo, composta por alum\u00ednio (\u00f3xido de alum\u00ednio), s\u00edlica (\u00f3xido de sil\u00edcio) e \u00e1gua. A m\u00e1scara de argila clareia, suaviza e hidrata a pele, al\u00e9m de absorver toxinas e impurezas. Pode ser argila branca, verde, vermelha ou a preta (conhecida como lama vulc\u00e2nica). \u00c9 f\u00e1cil encontrar as duas primeiras em lojas de produtos naturais.<\/p>\n<p>&nbsp;<\/p>\n<p>A receita \u00e9 a seguinte:<\/p>\n<p>Numa tigela de barro, vidro ou porcelana, misture uma colher de argila em p\u00f3 e acrescente um pouco de \u00e1gua mineral morna at\u00e9 ficar numa consist\u00eancia cremosa.<\/p>\n<p>Lave o rosto, passe a mistura na pele e deixe secar. Em seguida retire com \u00e1gua.<\/p>\n<p><em>Obs:<\/em> Para potencializar a m\u00e1scara, pingue 3 gostas de \u00f3leo essencial de Lavanda ou Tea tree,ou acrescente uma colherzinha de mel \u00e0 mistura.<\/p>\n<p><em>Fontes consultadas:<\/em><br \/>\n<a href=\"http:\/\/belezaesaude.com\/\" target=\"_blank\" rel=\"noopener\">http:\/\/belezaesaude.com\/<\/a><br \/>\n<a href=\"http:\/\/beleza.umcomo.com.br\/\" target=\"_blank\" rel=\"noopener\">http:\/\/beleza.umcomo.com.br\/<\/a><\/p>\n<p><em>*Diana Terra \u00e9 mulher, m\u00e3e, dona de casa, artes\u00e3 e aromaterapeuta.<\/em><\/p>\n<p><script type=\"text\/javascript\">\/\/ <![CDATA[ google_ad_client = \"ca-pub-6774921656048980\"; google_ad_slot = \"2987505043\"; google_ad_width = 468; google_ad_height = 60; \/\/ ]]><\/script><br \/>\n<!-- banner normal --><br \/>\n<script type=\"text\/javascript\" src=\"\/\/pagead2.googlesyndication.com\/pagead\/show_ads.js\">\/\/ <![CDATA[ \/\/ ]]><\/script><\/p>\n","protected":false},"excerpt":{"rendered":"<p>| Por Diana Terra* | Uma \u00f3tima op\u00e7\u00e3o de m\u00e1scara natural para limpeza e hidrata\u00e7\u00e3o do rosto \u00e9 uma mistura de \u00e1gua e argila. A argila \u00e9 um componente de origem mineral, coletada diretamente do solo, composta por alum\u00ednio (\u00f3xido de alum\u00ednio), s\u00edlica (\u00f3xido de sil\u00edcio) e \u00e1gua. A m\u00e1scara de argila clareia, suaviza e [&hellip;]<\/p>\n","protected":false},"author":1,"featured_media":18604,"comment_status":"open","ping_status":"open","sticky":false,"template":"","format":"standard","meta":{"om_disable_all_campaigns":false,"_monsterinsights_skip_tracking":false,"_monsterinsights_sitenote_active":false,"_monsterinsights_sitenote_note":"","_monsterinsights_sitenote_category":0,"footnotes":""},"categories":[113],"tags":[537,268,260],"acf":[],"publishpress_future_action":{"enabled":false,"date":"1969-12-31 21:00:00","action":"","terms":[],"taxonomy":"","browser_timezone_offset":0},"_links":{"self":[{"href":"https:\/\/portalfloresnoar.com\/floresnoar\/wp-json\/wp\/v2\/posts\/18603"}],"collection":[{"href":"https:\/\/portalfloresnoar.com\/floresnoar\/wp-json\/wp\/v2\/posts"}],"about":[{"href":"https:\/\/portalfloresnoar.com\/floresnoar\/wp-json\/wp\/v2\/types\/post"}],"author":[{"embeddable":true,"href":"https:\/\/portalfloresnoar.com\/floresnoar\/wp-json\/wp\/v2\/users\/1"}],"replies":[{"embeddable":true,"href":"https:\/\/portalfloresnoar.com\/floresnoar\/wp-json\/wp\/v2\/comments?post=18603"}],"version-history":[{"count":0,"href":"https:\/\/portalfloresnoar.com\/floresnoar\/wp-json\/wp\/v2\/posts\/18603\/revisions"}],"wp:featuredmedia":[{"embeddable":true,"href":"https:\/\/portalfloresnoar.com\/floresnoar\/wp-json\/wp\/v2\/media\/18604"}],"wp:attachment":[{"href":"https:\/\/portalfloresnoar.com\/floresnoar\/wp-json\/wp\/v2\/media?parent=18603"}],"wp:term":[{"taxonomy":"category","embeddable":true,"href":"https:\/\/portalfloresnoar.com\/floresnoar\/wp-json\/wp\/v2\/categories?post=18603"},{"taxonomy":"post_tag","embeddable":true,"href":"https:\/\/portalfloresnoar.com\/floresnoar\/wp-json\/wp\/v2\/tags?post=18603"}],"curies":[{"name":"wp","href":"https:\/\/api.w.org\/{rel}","templated":true}]}}