

{"id":1830,"date":"2012-07-06T20:32:26","date_gmt":"2012-07-06T23:32:26","guid":{"rendered":"http:\/\/portalfloresnoar.hospedagemdesites.ws\/floresnoar\/?p=1830"},"modified":"2014-09-24T18:42:55","modified_gmt":"2014-09-24T21:42:55","slug":"pai-nao-e-visita-roda-de-dialogo-com-pais-discute-o-direito-ao-acompanhante-em-recife-dia-11-de-agosto","status":"publish","type":"post","link":"https:\/\/portalfloresnoar.com\/floresnoar\/pai-nao-e-visita-roda-de-dialogo-com-pais-discute-o-direito-ao-acompanhante-em-recife-dia-11-de-agosto\/","title":{"rendered":"Pai n\u00e3o \u00e9 visita!  Roda de di\u00e1logo com pais discute o direito ao acompanhante,  em Recife, dia 11 de agosto"},"content":{"rendered":"<p><img decoding=\"async\" loading=\"lazy\" class=\"alignnone size-full wp-image-1831\" title=\"divulgacao-dia-dos-pais-2012-peq\" src=\"http:\/\/portalfloresnoar.hospedagemdesites.ws\/floresnoar\/wp-content\/uploads\/2012\/08\/divulgacao-dia-dos-pais-2012-peq.jpg\" alt=\"\" width=\"543\" height=\"768\" srcset=\"https:\/\/portalfloresnoar.com\/floresnoar\/wp-content\/uploads\/2012\/08\/divulgacao-dia-dos-pais-2012-peq.jpg 543w, https:\/\/portalfloresnoar.com\/floresnoar\/wp-content\/uploads\/2012\/08\/divulgacao-dia-dos-pais-2012-peq-212x300.jpg 212w\" sizes=\"(max-width: 543px) 100vw, 543px\" \/><br \/>\nComo acontece desde 1998, a Campanha &#8220;Paternidade: desejo, direito e compromisso&#8221;, realizar\u00e1 durante a semana do dia dos pais, suas a\u00e7\u00f5es de maior visibilidade.<\/p>\n<p>Neste ano, focalizaremos o tema do direito ao acompanhante, afinal, de acordo com a Lei Federal N\u00b0 11.108, o SUS \u00e9 obrigado a permitir a presen\u00e7a de um acompanhante, junto \u00e0 mulher, durante o pr\u00e9-parto, parto e p\u00f3s-parto imediato. Contudo, h\u00e1 muita resist\u00eancia das institui\u00e7\u00f5es de sa\u00fade e dos profissionais em fazer cumprir esta lei. A resist\u00eancia \u00e9 ainda maior no caso do acompanhante ser o pai.<!--more--><\/p>\n<p>Neste sentido, a partir do slogan PAI N\u00c3O \u00c9 VISITA!, pretendemos promover uma roda de di\u00e1logo promovendo reflex\u00f5es cr\u00edticas sobre o constante descumprimento desta lei. A iniciativa \u00e9 uma forma de dar visibilidade a esta demanda, exigindo dos Governos Municipal, Estadual e Federal o compromisso de gerar condi\u00e7\u00f5es estruturais nas maternidades para que o direito ao acompanhante seja respeitado.<\/p>\n<p>A roda de conversa \u00e9 destinada aos homens (pais ou futuros), a partir de um convite ao di\u00e1logo sobre sua participa\u00e7\u00e3o em momentos como o pr\u00e9-natal, parto e p\u00f3s-parto. Contamos com a presen\u00e7a de casais freq\u00fcentadores de grupos de apoio ao parto humanizado em Recife. Haver\u00e1 tamb\u00e9m aExposi\u00e7\u00e3o &#8220;Voc\u00ea \u00e9 meu pai&#8221;, que veicula imagens e mensagens que valorizam o exerc\u00edcio do cuidado por parte dos homens.<\/p>\n<p>Sobre a campanha mais ampla<\/p>\n<p>A Campanha &#8220;Paternidade &#8211; Desejo, Direito e Compromisso&#8221; busca envolver os homens em quest\u00f5es relacionadas ao cuidado e a paternidade, no contexto da sa\u00fade e dos direitos reprodutivos. A cada ano ela traz um tema que busca promover uma reflex\u00e3o sobre a paternidade enquanto:<br \/>\nUm direito: da crian\u00e7a, da mulher e do pr\u00f3prio pai;<br \/>\nUma a\u00e7\u00e3o que est\u00e1 inserida no campo do desejo, ou seja, \u00e9 poss\u00edvel ser feliz n\u00e3o sendo pai, mas a paternidade tamb\u00e9m traz benef\u00edcios para o homem e \u00e9 preciso refletir muito sobre o real desejo de se ter um filho, antes de dar um passo adiante;<br \/>\nUm compromisso: uma responsabilidade com o\/a filho\/a que envolve tanto recursos financeiros quanto afetivos.<\/p>\n<p>A campanha acontece ao longo do ano, a partir de diferentes a\u00e7\u00f5es, mas a iniciativa de maior visibilidade da campanha acontece na semana do dia dos Pais, como uma rea\u00e7\u00e3o cr\u00edtica \u00e0 configura\u00e7\u00e3o deste dia como uma data puramente comercial, em que a m\u00eddia bombardeia mensagens e propagandas em que &#8220;amor paterno&#8221; aparece como mais um produto, entre muitos. Assim, desde sua funda\u00e7\u00e3o, em 1997, o Instituto PAPAI tem promovido principalmente durante os meses de agosto e setembro, atividades que buscam estimular a reflex\u00e3o sobre o cuidado infantil, valorizando a participa\u00e7\u00e3o dos homens na educa\u00e7\u00e3o e no cuidado dos\/as filhos\/as.<\/p>\n<p>LOCAL: Audit\u00f3rio da Livraria Cultura &#8211; Shopping Pa\u00e7o Alf\u00e2ndega &#8211; Recife<\/p>\n<p>DATA E HOR\u00c1RIO:<br \/>\nRoda de Di\u00e1logo (Audit\u00f3rio): 11 de Agosto, \u00e0s 10 horas da manh\u00e3.<br \/>\nExposi\u00e7\u00e3o (Mezaninho): 11 e 12 de agosto<\/p>\n<p>REALIZA\u00c7\u00c3O: Instituto PAPAI, GEMA\/Psicologia UFPE, Instituto Promundo, RHEG, ReHuna &#8211; N\u00facleo de Parteria Urbana, Grupo Isthar, Grupo Maternar, Grupo Curumim, Narrativas do Nascer\/Antropologia e Museologia UFPE e Instituto N\u00f4mades<\/p>\n<p>APOIO: Livraria Cultura<\/p>\n<p>Link: http:\/\/www.papai.org.br\/informativo\/view?ID_INFORMATIVO=201<\/p>\n<p><span style=\"color: #ffffff;\">&#8211;<\/span><br \/>\n<span style=\"color: #ffffff;\"> &#8211;<\/span><br \/>\n<script type=\"text\/javascript\">\/\/ <![CDATA[\ngoogle_ad_client = \"ca-pub-6774921656048980\";\n\/* banner normal *\/\ngoogle_ad_slot = \"2987505043\";\ngoogle_ad_width = 468;\ngoogle_ad_height = 60;\n\/\/ ]]><\/script><br \/>\n<script type=\"text\/javascript\" src=\"http:\/\/pagead2.googlesyndication.com\/pagead\/show_ads.js\">\/\/ <![CDATA[\n\n\/\/ ]]><\/script><\/p>\n","protected":false},"excerpt":{"rendered":"<p>Como acontece desde 1998, a Campanha &#8220;Paternidade: desejo, direito e compromisso&#8221;, realizar\u00e1 durante a semana do dia dos pais, suas a\u00e7\u00f5es de maior visibilidade. Neste ano, focalizaremos o tema do direito ao acompanhante, afinal, de acordo com a Lei Federal N\u00b0 11.108, o SUS \u00e9 obrigado a permitir a presen\u00e7a de um acompanhante, junto \u00e0 [&hellip;]<\/p>\n","protected":false},"author":1,"featured_media":1832,"comment_status":"open","ping_status":"open","sticky":false,"template":"","format":"standard","meta":{"om_disable_all_campaigns":false,"_monsterinsights_skip_tracking":false,"_monsterinsights_sitenote_active":false,"_monsterinsights_sitenote_note":"","_monsterinsights_sitenote_category":0,"footnotes":""},"categories":[8,214],"tags":[39],"acf":[],"publishpress_future_action":{"enabled":false,"date":"1969-12-31 21:00:00","action":"","terms":[],"taxonomy":"","browser_timezone_offset":0},"_links":{"self":[{"href":"https:\/\/portalfloresnoar.com\/floresnoar\/wp-json\/wp\/v2\/posts\/1830"}],"collection":[{"href":"https:\/\/portalfloresnoar.com\/floresnoar\/wp-json\/wp\/v2\/posts"}],"about":[{"href":"https:\/\/portalfloresnoar.com\/floresnoar\/wp-json\/wp\/v2\/types\/post"}],"author":[{"embeddable":true,"href":"https:\/\/portalfloresnoar.com\/floresnoar\/wp-json\/wp\/v2\/users\/1"}],"replies":[{"embeddable":true,"href":"https:\/\/portalfloresnoar.com\/floresnoar\/wp-json\/wp\/v2\/comments?post=1830"}],"version-history":[{"count":0,"href":"https:\/\/portalfloresnoar.com\/floresnoar\/wp-json\/wp\/v2\/posts\/1830\/revisions"}],"wp:featuredmedia":[{"embeddable":true,"href":"https:\/\/portalfloresnoar.com\/floresnoar\/wp-json\/wp\/v2\/media\/1832"}],"wp:attachment":[{"href":"https:\/\/portalfloresnoar.com\/floresnoar\/wp-json\/wp\/v2\/media?parent=1830"}],"wp:term":[{"taxonomy":"category","embeddable":true,"href":"https:\/\/portalfloresnoar.com\/floresnoar\/wp-json\/wp\/v2\/categories?post=1830"},{"taxonomy":"post_tag","embeddable":true,"href":"https:\/\/portalfloresnoar.com\/floresnoar\/wp-json\/wp\/v2\/tags?post=1830"}],"curies":[{"name":"wp","href":"https:\/\/api.w.org\/{rel}","templated":true}]}}