

{"id":18273,"date":"2014-11-19T03:22:26","date_gmt":"2014-11-19T06:22:26","guid":{"rendered":"http:\/\/portalfloresnoar.com\/floresnoar\/?p=18273"},"modified":"2014-11-19T09:35:26","modified_gmt":"2014-11-19T12:35:26","slug":"grupo-de-estudos-meditacao-e-budismo-toda-segunda-feira-no-luminaris","status":"publish","type":"post","link":"https:\/\/portalfloresnoar.com\/floresnoar\/grupo-de-estudos-meditacao-e-budismo-toda-segunda-feira-no-luminaris\/","title":{"rendered":"Grupo de Estudos &#8216;Medita\u00e7\u00e3o e Budismo&#8217; toda segunda-feira no Luminaris"},"content":{"rendered":"<p><img decoding=\"async\" loading=\"lazy\" class=\"size-full wp-image-18275 alignleft\" alt=\"buddha\" src=\"http:\/\/portalfloresnoar.com\/floresnoar\/wp-content\/uploads\/2014\/09\/buddha.jpg\" width=\"275\" height=\"350\" srcset=\"https:\/\/portalfloresnoar.com\/floresnoar\/wp-content\/uploads\/2014\/09\/buddha.jpg 275w, https:\/\/portalfloresnoar.com\/floresnoar\/wp-content\/uploads\/2014\/09\/buddha-235x300.jpg 235w\" sizes=\"(max-width: 275px) 100vw, 275px\" \/>O grupo tem como finalidade desenvolver discuss\u00f5es acerca dos conceitos fundamentais e pr\u00e1tica Budista, atrav\u00e9s da leitura e medita\u00e7\u00e3o.<\/p>\n<p>PROGRAMA\u00c7\u00c3O<br \/>\n&#8211; Causa e Efeito<br \/>\n&#8211; Causas do ciclo de nascimento e morte<br \/>\n&#8211; Os dezoito mundos<br \/>\n&#8211; Os cinco Skandhas<br \/>\n&#8211; Os doze elos<br \/>\n&#8211; Samadhi<br \/>\n&#8211; Prajna<br \/>\n&#8211; Os quatro estados ilimitados da mente<br \/>\n&#8211; Arrependimento<br \/>\n&#8211; Compartilhar<br \/>\n&#8211; Os seis paramitas<br \/>\n&#8211; O Budismo Mahayana<\/p>\n<p><strong>Dias<\/strong>: Todas as segundas-feiras (A partir de Outubro\/2014)<br \/>\n<strong>Hor\u00e1rio<\/strong>: 18h30min \u00e0s 20h30min<br \/>\n<strong>Facilitadora<\/strong>: Joana Ferreira<br \/>\n<strong>Contribui\u00e7\u00e3o sugerida<\/strong>: R$ 10,00 (por encontro)<\/p>\n<p><strong>Livro sugerido<\/strong>: Budismo \u2013 Conceitos Fundamentais<br \/>\nVener\u00e1vel Mestre Hsing Y\u00fcn<\/p>\n<p>Informa\u00e7\u00f5es: Joana Ferreira- Fone: 81-9813.9828\/3031.1134<\/p>\n","protected":false},"excerpt":{"rendered":"<p>O grupo tem como finalidade desenvolver discuss\u00f5es acerca dos conceitos fundamentais e pr\u00e1tica Budista, atrav\u00e9s da leitura e medita\u00e7\u00e3o. PROGRAMA\u00c7\u00c3O &#8211; Causa e Efeito &#8211; Causas do ciclo de nascimento e morte &#8211; Os dezoito mundos &#8211; Os cinco Skandhas &#8211; Os doze elos &#8211; Samadhi &#8211; Prajna &#8211; Os quatro estados ilimitados da mente [&hellip;]<\/p>\n","protected":false},"author":1,"featured_media":18274,"comment_status":"open","ping_status":"open","sticky":false,"template":"","format":"standard","meta":{"om_disable_all_campaigns":false,"_monsterinsights_skip_tracking":false,"_monsterinsights_sitenote_active":false,"_monsterinsights_sitenote_note":"","_monsterinsights_sitenote_category":0,"footnotes":""},"categories":[9],"tags":[30],"acf":[],"publishpress_future_action":{"enabled":false,"date":"1969-12-31 21:00:00","action":"","terms":[],"taxonomy":"","browser_timezone_offset":0},"_links":{"self":[{"href":"https:\/\/portalfloresnoar.com\/floresnoar\/wp-json\/wp\/v2\/posts\/18273"}],"collection":[{"href":"https:\/\/portalfloresnoar.com\/floresnoar\/wp-json\/wp\/v2\/posts"}],"about":[{"href":"https:\/\/portalfloresnoar.com\/floresnoar\/wp-json\/wp\/v2\/types\/post"}],"author":[{"embeddable":true,"href":"https:\/\/portalfloresnoar.com\/floresnoar\/wp-json\/wp\/v2\/users\/1"}],"replies":[{"embeddable":true,"href":"https:\/\/portalfloresnoar.com\/floresnoar\/wp-json\/wp\/v2\/comments?post=18273"}],"version-history":[{"count":0,"href":"https:\/\/portalfloresnoar.com\/floresnoar\/wp-json\/wp\/v2\/posts\/18273\/revisions"}],"wp:featuredmedia":[{"embeddable":true,"href":"https:\/\/portalfloresnoar.com\/floresnoar\/wp-json\/wp\/v2\/media\/18274"}],"wp:attachment":[{"href":"https:\/\/portalfloresnoar.com\/floresnoar\/wp-json\/wp\/v2\/media?parent=18273"}],"wp:term":[{"taxonomy":"category","embeddable":true,"href":"https:\/\/portalfloresnoar.com\/floresnoar\/wp-json\/wp\/v2\/categories?post=18273"},{"taxonomy":"post_tag","embeddable":true,"href":"https:\/\/portalfloresnoar.com\/floresnoar\/wp-json\/wp\/v2\/tags?post=18273"}],"curies":[{"name":"wp","href":"https:\/\/api.w.org\/{rel}","templated":true}]}}